{"id":8343,"date":"2025-01-22T08:17:49","date_gmt":"2025-01-22T12:17:49","guid":{"rendered":"https:\/\/agromt.news\/?p=8343"},"modified":"2025-01-22T08:17:49","modified_gmt":"2025-01-22T12:17:49","slug":"renegociacao-da-divida-dos-estados-pode-custar-r-105-bilhoes-a-uniao","status":"publish","type":"post","link":"https:\/\/agromt.news\/?p=8343","title":{"rendered":"Renegocia\u00e7\u00e3o da d\u00edvida dos estados pode custar R$ 105 bilh\u00f5es \u00e0 Uni\u00e3o"},"content":{"rendered":"<p> <br \/>\n<br \/><img decoding=\"async\" src=\"https:\/\/agromt.news\/wp-content\/uploads\/2025\/01\/Renegociacao-da-divida-dos-estados-pode-custar-R-105-bilhoes.jpg\" \/><\/p>\n<div>\n<p>Sancionado na \u00faltima semana, o <strong><a href=\"https:\/\/www.canalrural.com.br\/politica\/governo-sanciona-programa-para-renegociacao-de-dividas-estaduais\/\">programa especial de renegocia\u00e7\u00e3o da d\u00edvida dos estados <\/a><\/strong>gerar\u00e1, no pior cen\u00e1rio, impacto negativo de at\u00e9 R$ 105,9 bilh\u00f5es de 2025 a 2029 para a d\u00edvida do governo federal. No melhor cen\u00e1rio, a Uni\u00e3o arrecadar\u00e1 at\u00e9 R$ 5,5 bilh\u00f5es no mesmo per\u00edodo.<\/p>\n<p>As estimativas foram divulgadas ontem (21) pelo <strong><a href=\"https:\/\/www.canalrural.com.br\/tag\/tesouronacional\/\">Tesouro Nacional<\/a><\/strong>. No cen\u00e1rio negativo, o Tesouro considera que os estados n\u00e3o transferir\u00e3o ativos (como empresas estatais locais) para a Uni\u00e3o e o saldo devedor seja corrigido por juros reais (acima da infla\u00e7\u00e3o) de 2% ao ano.<\/p>\n<p>No cen\u00e1rio mais favor\u00e1vel, al\u00e9m da transfer\u00eancia de ativos \u00e0 Uni\u00e3o, prevista no programa especial, os estados poder\u00e3o amortizar a d\u00edvida nos cinco primeiros anos. Nesse caso, o Tesouro considerou que o saldo devedor poder\u00e1 ser reduzido em at\u00e9 20% com juros reais de 0%. Para que o impacto seja positivo, os estados dever\u00e3o transferir mais que R$ 160 bilh\u00f5es em ativos ao governo federal, hip\u00f3tese considerada otimista pelo Tesouro.<\/p>\n<p>Os dois cen\u00e1rios, admitiu o Tesouro em nota t\u00e9cnica, s\u00e3o extremos. Na pr\u00e1tica, os estados devem optar por diversas combina\u00e7\u00f5es entre as possibilidades oferecidas pelo Programa de Pleno Pagamento da D\u00edvida dos Estados (Propag), o que torna invi\u00e1vel o c\u00e1lculo de todas as situa\u00e7\u00f5es poss\u00edveis.<\/p>\n<blockquote class=\"wp-block-quote is-layout-flow wp-block-quote-is-layout-flow\">\n<p>\u201cPara os estados que aderirem ao programa, h\u00e1 vantagens substanciais ao reduzir os fluxos de pagamentos e equilibrar suas contas p\u00fablicas no m\u00e9dio e no longo prazo. Al\u00e9m dos ganhos mencionados, h\u00e1 vantagens diretas para a sociedade, no que diz respeito \u00e0 cria\u00e7\u00e3o de novos investimentos em \u00e1reas essenciais, como ensino profissionalizante articulado ao ensino m\u00e9dio, saneamento, habita\u00e7\u00e3o, pol\u00edticas ambientais, transporte e seguran\u00e7a p\u00fablica\u201d, destacou o Tesouro no documento.<\/p>\n<\/blockquote>\n<\/div>\n<div>\n<h2 class=\"wp-block-heading\" id=\"h-divida-publica\">D\u00edvida p\u00fablica<\/h2>\n<p>Em todos os casos, esclarece o Tesouro, n\u00e3o haver\u00e1 impacto sobre as metas de resultado prim\u00e1rio (resultado das contas do governo sem os juros da d\u00edvida p\u00fablica). O impacto sobre as contas da Uni\u00e3o ser\u00e1 financeiro, com efeitos na d\u00edvida p\u00fablica e sem interfer\u00eancia nos Or\u00e7amentos anuais do governo.<\/p>\n<p>Ao sancionar a lei, o presidente <strong><a href=\"https:\/\/www.canalrural.com.br\/tag\/lula\/\">Luiz In\u00e1cio Lula da Silva (PT)<\/a><\/strong> vetou medidas que poderiam gerar impactos sobre o resultado prim\u00e1rio. No entanto, governadores de oposi\u00e7\u00e3o pressionam para a derrubada dos vetos no <strong><a href=\"https:\/\/www.canalrural.com.br\/tag\/congressonacional\/\">Congresso<\/a><\/strong>, que requer votos de pelo menos dois ter\u00e7os dos deputados e dos senadores.<\/p>\n<h2 class=\"wp-block-heading\" id=\"h-propag\">Propag<\/h2>\n<p>Os estados t\u00eam at\u00e9 31 de dezembro para aderir ao Propag. A lei permite que os entes paguem esses d\u00e9bitos em at\u00e9 30 anos e com juros de 0% a 2% ao ano acima da infla\u00e7\u00e3o. A d\u00edvida poder\u00e1 ser parcialmente abatida conforme a entrega de ativos ao governo federal, compromissos com investimentos assumidos e aportes no Fundo de Equaliza\u00e7\u00e3o Federativa, por meio do qual os estados em situa\u00e7\u00e3o fiscal ruim compensar\u00e3o os estados com boa situa\u00e7\u00e3o fiscal.<\/p>\n<p>No ano passado, o governo tinha proposto que os estados que investissem em educa\u00e7\u00e3o pagassem menos juros. O Congresso abandonou a proposta e votou o projeto de Pacheco, que permite que os estados que aderirem ao Propag deem prioridade a investimentos em educa\u00e7\u00e3o, saneamento, infraestrutura e seguran\u00e7a com o dinheiro que economizar\u00e3o no pagamento de juros.<\/p>\n<\/p><\/div>\n<p><br \/>\n<br \/><a href=\"https:\/\/www.canalrural.com.br\/economia\/renegociacao-da-divida-dos-estados-pode-custar-r-105-bilhoes-a-uniao\/\">Source link <\/a><\/p>\n","protected":false},"excerpt":{"rendered":"<p>Sancionado na \u00faltima semana, o programa especial de renegocia\u00e7\u00e3o da d\u00edvida dos estados gerar\u00e1, no pior cen\u00e1rio, impacto negativo de<\/p>\n","protected":false},"author":1,"featured_media":8344,"comment_status":"open","ping_status":"open","sticky":false,"template":"","format":"standard","meta":{"_monsterinsights_skip_tracking":false,"_monsterinsights_sitenote_active":false,"_monsterinsights_sitenote_note":"","_monsterinsights_sitenote_category":0,"_uf_show_specific_survey":0,"_uf_disable_surveys":false,"footnotes":""},"categories":[1],"tags":[],"class_list":["post-8343","post","type-post","status-publish","format-standard","has-post-thumbnail","hentry","category-news"],"_links":{"self":[{"href":"https:\/\/agromt.news\/index.php?rest_route=\/wp\/v2\/posts\/8343"}],"collection":[{"href":"https:\/\/agromt.news\/index.php?rest_route=\/wp\/v2\/posts"}],"about":[{"href":"https:\/\/agromt.news\/index.php?rest_route=\/wp\/v2\/types\/post"}],"author":[{"embeddable":true,"href":"https:\/\/agromt.news\/index.php?rest_route=\/wp\/v2\/users\/1"}],"replies":[{"embeddable":true,"href":"https:\/\/agromt.news\/index.php?rest_route=%2Fwp%2Fv2%2Fcomments&post=8343"}],"version-history":[{"count":0,"href":"https:\/\/agromt.news\/index.php?rest_route=\/wp\/v2\/posts\/8343\/revisions"}],"wp:featuredmedia":[{"embeddable":true,"href":"https:\/\/agromt.news\/index.php?rest_route=\/wp\/v2\/media\/8344"}],"wp:attachment":[{"href":"https:\/\/agromt.news\/index.php?rest_route=%2Fwp%2Fv2%2Fmedia&parent=8343"}],"wp:term":[{"taxonomy":"category","embeddable":true,"href":"https:\/\/agromt.news\/index.php?rest_route=%2Fwp%2Fv2%2Fcategories&post=8343"},{"taxonomy":"post_tag","embeddable":true,"href":"https:\/\/agromt.news\/index.php?rest_route=%2Fwp%2Fv2%2Ftags&post=8343"}],"curies":[{"name":"wp","href":"https:\/\/api.w.org\/{rel}","templated":true}]}}