{"id":8341,"date":"2025-01-22T08:14:47","date_gmt":"2025-01-22T12:14:47","guid":{"rendered":"https:\/\/agromt.news\/?p=8341"},"modified":"2025-01-22T08:14:47","modified_gmt":"2025-01-22T12:14:47","slug":"microbioma-de-batata-e-chave-para-desenvolvimento","status":"publish","type":"post","link":"https:\/\/agromt.news\/?p=8341","title":{"rendered":"Microbioma de batata \u00e9 chave para desenvolvimento"},"content":{"rendered":"<p> <br \/>\n<\/p>\n<div>\n<div class=\"row\">\n<div class=\"col-lg col-infos mt-3 mt-lg-0\">\n<div class=\"section-sub-title\">\n<p itemprop=\"description\">&#13;<br \/>\n                                A pesquisa tamb\u00e9m destaca que fatores como as caracter\u00edsticas do solo&#13;\n                            <\/p>\n<\/p><\/div>\n<div class=\"container\">\n<div class=\"row\">\n<div class=\"col-lg p-0\">\n<div>\n<div class=\"block-news-main-infos mt-3 text-start\">\n<p>                                            <strong class=\"fn\" itemprop=\"author\" style=\"color: rgb(112, 112, 112); \">&#13;<br \/>\n                                                <a href=\"https:\/\/www.agrolink.com.br\/noticias\/javascript:;\" class=\"text-uppercase\" target=\"_blank\" style=\"color: rgb(112, 112, 112); \" rel=\"noopener\">Agrolink<\/a>&#13;<br \/>\n&#13;<br \/>\n                                                    &#8211; Leonardo Gottems&#13;<br \/>\n&#13;<br \/>\n                                            <\/strong><br \/>\n                                        <\/p>\n<p>                                            <abbr><time datetime=\"2025-01-21T06:42\" itemprop=\"datePublished dateModified\">Publicado em 21\/01\/2025 \u00e0s 06:42h.<\/time><\/abbr><br \/>\n                                            <\/p><\/div>\n<\/p><\/div>\n<\/p><\/div>\n<div class=\"col-lg p-0 text-lg-end\">\n<div>\n<div id=\"mdEnviarPagina\" class=\"modal fade\" role=\"dialog\">\n<div class=\"modal-dialog\">\n<div class=\"modal-content\">\n<div class=\"modal-body\">\n<p><strong>Estimado usu\u00e1rio.<\/strong><br \/>Preencha o formul\u00e1rio abaixo para remeter a p\u00e1gina.<\/p>\n<\/p><\/div>\n<\/p><\/div>\n<\/p><\/div>\n<\/div><\/div>\n<\/p><\/div>\n<\/p><\/div>\n<\/p><\/div>\n<\/p><\/div>\n<\/p><\/div>\n<div class=\"row justify-content-md-center mt-3\">\n<div class=\"col-lg-auto col-image  block-news-main-image d-none d-md-block\">\n<p>                                <img decoding=\"async\" src=\"https:\/\/www.agrolink.com.br\/upload\/imagens-resizes\/cbb22a21cc8e4d8089e45b92013262f1_858x483.jpg\" class=\"lazyload \" alt=\"A pesquisa tamb\u00e9m destaca que fatores como as caracter\u00edsticas do solo\"\/><br \/>\n                                                <span class=\"d-block mt-1\">A pesquisa tamb\u00e9m destaca que fatores como as caracter\u00edsticas do solo &#8211; Foto: Pixabay<\/span><\/p><\/div>\n<\/p><\/div>\n<div class=\"section-description section-description-noticias mt-3\">\n<p>Leandro Sim\u00f5es Azevedo Gon\u00e7alves, professor da Universidade Estadual de Londrina (UEL), destacou um estudo recente publicado na Nature Microbiology, liderado por Song et al. (2025), que investiga a conex\u00e3o entre o microbioma de tub\u00e9rculos-semente de <a href=\"https:\/\/www.agrolink.com.br\/culturas\/batata\/?utm_source=agrolink-detalhe-noticia&amp;utm_medium=detalhe-noticia&amp;utm_campaign=links-internos\" target=\"_blank\" rel=\"noopener\">batata<\/a> e o vigor das plantas na safra subsequente. A pesquisa revela que a composi\u00e7\u00e3o microbiana nos olhos dos tub\u00e9rculos pode prever a sa\u00fade e o crescimento das plantas, oferecendo novas possibilidades para aumentar a produtividade agr\u00edcola.&#13;\n<\/p>\n<p>O estudo aponta que esp\u00e9cies como Streptomyces, Acinetobacter e Cellvibrio esempenham pap\u00e9is cruciais nesse processo. O Streptomyces \u00e9 associado ao aumento do vigor, pois contribui para a sa\u00fade das plantas. Por outro lado, Acinetobacter e Cellvibrio t\u00eam sido identificados como limitadores de crescimento, j\u00e1 que competem por recursos ou geram metab\u00f3litos inibit\u00f3rios, impactando negativamente o desenvolvimento das plantas.<\/p>\n<p>A pesquisa tamb\u00e9m destaca que fatores como as caracter\u00edsticas do solo, a gen\u00e9tica da cultivar e o hist\u00f3rico de produ\u00e7\u00e3o determinam a composi\u00e7\u00e3o do microbioma, moldando o vigor das plantas nas safras seguintes. A intera\u00e7\u00e3o desses fatores cria um &#8220;legado microbiano&#8221;, refletindo nas diferen\u00e7as fisiol\u00f3gicas e microbianas dos tub\u00e9rculos, o que pode alterar a disponibilidade de nutrientes e as intera\u00e7\u00f5es com pat\u00f3genos.&#13;\n<\/p>\n<p>A partir desses dados, \u00e9 poss\u00edvel identificar tub\u00e9rculos-semente com microbiomas ben\u00e9ficos, permitindo recomenda\u00e7\u00f5es personalizadas para diferentes solos e climas. O estudo sugere que a manipula\u00e7\u00e3o das comunidades microbianas, por meio de inoculantes customizados, pode ser uma estrat\u00e9gia eficaz para aumentar a resist\u00eancia a pat\u00f3genos e melhorar a efici\u00eancia no uso de nutrientes, contribuindo para uma agricultura mais resiliente e sustent\u00e1vel.<br \/>&#13;<br \/>\n\u00a0<\/p>\n<\/p><\/div>\n<\/p><\/div>\n<p><script data-cfasync=\"false\">\n    !function (f, b, e, v, n, t, s) {\n        if (f.fbq) return; n = f.fbq = function () {\n            n.callMethod ?\n                n.callMethod.apply(n, arguments) : n.queue.push(arguments)\n        };\n        if (!f._fbq) f._fbq = n; n.push = n; n.loaded = !0; n.version = '2.0';\n        n.queue = []; t = b.createElement(e); t.async = !0;\n        t.src = v; s = b.getElementsByTagName(e)[0];\n        s.parentNode.insertBefore(t, s)\n    }(window, document, 'script',\n        'https:\/\/connect.facebook.net\/en_US\/fbevents.js');\n    fbq('init', '522546078623747');\n    fbq('track', 'PageView');\n<\/script><br \/>\n<br \/><br \/>\n<br \/><a href=\"https:\/\/www.agrolink.com.br\/noticias\/microbioma-de-batata-e-chave-para-desenvolvimento_498602.html\">Source link <\/a><\/p>\n","protected":false},"excerpt":{"rendered":"<p>&#13; A pesquisa tamb\u00e9m destaca que fatores como as caracter\u00edsticas do solo&#13; &#13; Agrolink&#13; &#13; &#8211; Leonardo Gottems&#13; &#13; Publicado<\/p>\n","protected":false},"author":1,"featured_media":8342,"comment_status":"open","ping_status":"open","sticky":false,"template":"","format":"standard","meta":{"_monsterinsights_skip_tracking":false,"_monsterinsights_sitenote_active":false,"_monsterinsights_sitenote_note":"","_monsterinsights_sitenote_category":0,"_uf_show_specific_survey":0,"_uf_disable_surveys":false,"footnotes":""},"categories":[8,1,14],"tags":[],"class_list":["post-8341","post","type-post","status-publish","format-standard","has-post-thumbnail","hentry","category-agro","category-news","category-politica-agro"],"_links":{"self":[{"href":"https:\/\/agromt.news\/index.php?rest_route=\/wp\/v2\/posts\/8341"}],"collection":[{"href":"https:\/\/agromt.news\/index.php?rest_route=\/wp\/v2\/posts"}],"about":[{"href":"https:\/\/agromt.news\/index.php?rest_route=\/wp\/v2\/types\/post"}],"author":[{"embeddable":true,"href":"https:\/\/agromt.news\/index.php?rest_route=\/wp\/v2\/users\/1"}],"replies":[{"embeddable":true,"href":"https:\/\/agromt.news\/index.php?rest_route=%2Fwp%2Fv2%2Fcomments&post=8341"}],"version-history":[{"count":0,"href":"https:\/\/agromt.news\/index.php?rest_route=\/wp\/v2\/posts\/8341\/revisions"}],"wp:featuredmedia":[{"embeddable":true,"href":"https:\/\/agromt.news\/index.php?rest_route=\/wp\/v2\/media\/8342"}],"wp:attachment":[{"href":"https:\/\/agromt.news\/index.php?rest_route=%2Fwp%2Fv2%2Fmedia&parent=8341"}],"wp:term":[{"taxonomy":"category","embeddable":true,"href":"https:\/\/agromt.news\/index.php?rest_route=%2Fwp%2Fv2%2Fcategories&post=8341"},{"taxonomy":"post_tag","embeddable":true,"href":"https:\/\/agromt.news\/index.php?rest_route=%2Fwp%2Fv2%2Ftags&post=8341"}],"curies":[{"name":"wp","href":"https:\/\/api.w.org\/{rel}","templated":true}]}}