{"id":8330,"date":"2025-01-22T01:48:34","date_gmt":"2025-01-22T05:48:34","guid":{"rendered":"https:\/\/agromt.news\/?p=8330"},"modified":"2025-01-22T01:48:34","modified_gmt":"2025-01-22T05:48:34","slug":"milho-comeca-a-semana-em-alta","status":"publish","type":"post","link":"https:\/\/agromt.news\/?p=8330","title":{"rendered":"Milho come\u00e7a a semana em alta"},"content":{"rendered":"<p> <br \/>\n<\/p>\n<div>\n<div class=\"row\">\n<div class=\"col-lg col-infos mt-3 mt-lg-0\">\n<div class=\"section-sub-title\">\n<p itemprop=\"description\">&#13;<br \/>\n                                 O\u00a0vencimento para mar\u00e7o\/25 fechou a R$ 78,13, alta de R$ 1,46 no dia&#13;\n                            <\/p>\n<\/p><\/div>\n<div class=\"container\">\n<div class=\"row\">\n<div class=\"col-lg p-0\">\n<div>\n<div class=\"block-news-main-infos mt-3 text-start\">\n<p>                                            <strong class=\"fn\" itemprop=\"author\" style=\"color: rgb(112, 112, 112); \">&#13;<br \/>\n                                                <a href=\"https:\/\/www.agrolink.com.br\/noticias\/javascript:;\" class=\"text-uppercase\" target=\"_blank\" style=\"color: rgb(112, 112, 112); \" rel=\"noopener\">Agrolink<\/a>&#13;<br \/>\n&#13;<br \/>\n                                                    &#8211; Leonardo Gottems&#13;<br \/>\n&#13;<br \/>\n                                            <\/strong><br \/>\n                                        <\/p>\n<p>                                            <abbr><time datetime=\"2025-01-21T07:45\" itemprop=\"datePublished dateModified\">Publicado em 21\/01\/2025 \u00e0s 07:45h.<\/time><\/abbr><br \/>\n                                            <\/p><\/div>\n<\/p><\/div>\n<\/p><\/div>\n<div class=\"col-lg p-0 text-lg-end\">\n<div>\n<div id=\"mdEnviarPagina\" class=\"modal fade\" role=\"dialog\">\n<div class=\"modal-dialog\">\n<div class=\"modal-content\">\n<div class=\"modal-body\">\n<p><strong>Estimado usu\u00e1rio.<\/strong><br \/>Preencha o formul\u00e1rio abaixo para remeter a p\u00e1gina.<\/p>\n<\/p><\/div>\n<\/p><\/div>\n<\/p><\/div>\n<\/div><\/div>\n<\/p><\/div>\n<\/p><\/div>\n<\/p><\/div>\n<\/p><\/div>\n<\/p><\/div>\n<div class=\"row justify-content-md-center mt-3\">\n<div class=\"col-lg-auto col-image  block-news-main-image d-none d-md-block\">\n<p>                                <img decoding=\"async\" src=\"https:\/\/www.agrolink.com.br\/upload\/imagens-resizes\/574b335d2fe5493b9536088fdeeef40d_858x483.jpg\" class=\"lazyload \" alt=\"A combina\u00e7\u00e3o de estoques reduzidos e exporta\u00e7\u00f5es aquecidas tem sustentado os pre\u00e7os do cereal no mercado interno\"\/><br \/>\n                                                <span class=\"d-block mt-1\">A combina\u00e7\u00e3o de estoques reduzidos e exporta\u00e7\u00f5es aquecidas tem sustentado os pre\u00e7os do cereal no mercado interno &#8211; Foto: Nadia Borges<\/span><\/p><\/div>\n<\/p><\/div>\n<div class=\"section-description section-description-noticias mt-3\">\n<p>Conforme dados da TF Agroecon\u00f4mica, os principais contratos futuros de <a href=\"https:\/\/www.agrolink.com.br\/culturas\/milho?utm_source=agrolink-detalhe-noticia&amp;utm_medium=detalhe-noticia&amp;utm_campaign=links-internos&#9;\" target=\"_blank\" rel=\"noopener\">milho<\/a> fecharam em alta nesta segunda-feira (20), apesar do feriado nos Estados Unidos e da queda do d\u00f3lar. Segundo o Cepea, os pre\u00e7os do <a href=\"https:\/\/www.agrolink.com.br\/culturas\/milho?utm_source=agrolink-detalhe-noticia&amp;utm_medium=detalhe-noticia&amp;utm_campaign=links-internos&#9;\" target=\"_blank\" rel=\"noopener\">milho<\/a> seguem firmes no mercado brasileiro, sustentados pela retra\u00e7\u00e3o de vendedores, estimativas de estoques baixos e demanda aquecida. A necessidade de reposi\u00e7\u00e3o de estoques manteve compradores ativos no mercado spot na \u00faltima semana, enquanto os produtores focaram nas atividades de campo. \u00a0&#13;\n<\/p>\n<p>Dados da Conab, analisados pelo Cepea, mostram que o estoque de passagem da safra 2023\/24, que se encerra em janeiro, foi revisado para 2,53 milh\u00f5es de toneladas. Esse volume est\u00e1 bem abaixo das 4,42 milh\u00f5es de toneladas projetadas em dezembro, reflexo do aumento das exporta\u00e7\u00f5es, agora estimadas em 38,5 milh\u00f5es de toneladas. Essa combina\u00e7\u00e3o de estoques reduzidos e exporta\u00e7\u00f5es aquecidas tem sustentado os pre\u00e7os do cereal no mercado interno. \u00a0<\/p>\n<p>Na B3, os contratos futuros refletiram esse cen\u00e1rio. O\u00a0vencimento para mar\u00e7o\/25 fechou a R$ 78,13, alta de R$ 1,46 no dia, embora acumule queda de R$ 1,72 na semana. O contrato de maio\/25 foi negociado a R$ 75,97, com alta de R$ 0,50 no dia e baixa de R$ 0,83 na semana. J\u00e1 o contrato de julho\/25 encerrou a R$ 72,49, com valoriza\u00e7\u00e3o de R$ 0,52 no dia e R$ 0,28 na semana. \u00a0&#13;\n<\/p>\n<p>Com estoques reduzidos e a continuidade da demanda no mercado interno e externo, espera-se que os pre\u00e7os do milho mantenham trajet\u00f3ria firme. Esse cen\u00e1rio deve seguir influenciando a din\u00e2mica de pre\u00e7os nas pr\u00f3ximas semanas, com compradores atentos \u00e0 reposi\u00e7\u00e3o de estoques e ao desempenho das exporta\u00e7\u00f5es.<br \/>&#13;<br \/>\n\u00a0<\/p>\n<\/p><\/div>\n<\/p><\/div>\n<p><script data-cfasync=\"false\">\n    !function (f, b, e, v, n, t, s) {\n        if (f.fbq) return; n = f.fbq = function () {\n            n.callMethod ?\n                n.callMethod.apply(n, arguments) : n.queue.push(arguments)\n        };\n        if (!f._fbq) f._fbq = n; n.push = n; n.loaded = !0; n.version = '2.0';\n        n.queue = []; t = b.createElement(e); t.async = !0;\n        t.src = v; s = b.getElementsByTagName(e)[0];\n        s.parentNode.insertBefore(t, s)\n    }(window, document, 'script',\n        'https:\/\/connect.facebook.net\/en_US\/fbevents.js');\n    fbq('init', '522546078623747');\n    fbq('track', 'PageView');\n<\/script><br \/>\n<br \/><br \/>\n<br \/><a href=\"https:\/\/www.agrolink.com.br\/noticias\/b3--milho-comeca-a-semana-em-alta_498605.html\">Source link <\/a><\/p>\n","protected":false},"excerpt":{"rendered":"<p>&#13; O\u00a0vencimento para mar\u00e7o\/25 fechou a R$ 78,13, alta de R$ 1,46 no dia&#13; &#13; Agrolink&#13; &#13; &#8211; Leonardo Gottems&#13;<\/p>\n","protected":false},"author":1,"featured_media":3610,"comment_status":"open","ping_status":"open","sticky":false,"template":"","format":"standard","meta":{"_monsterinsights_skip_tracking":false,"_monsterinsights_sitenote_active":false,"_monsterinsights_sitenote_note":"","_monsterinsights_sitenote_category":0,"_uf_show_specific_survey":0,"_uf_disable_surveys":false,"footnotes":""},"categories":[8,1,14],"tags":[],"class_list":["post-8330","post","type-post","status-publish","format-standard","has-post-thumbnail","hentry","category-agro","category-news","category-politica-agro"],"_links":{"self":[{"href":"https:\/\/agromt.news\/index.php?rest_route=\/wp\/v2\/posts\/8330"}],"collection":[{"href":"https:\/\/agromt.news\/index.php?rest_route=\/wp\/v2\/posts"}],"about":[{"href":"https:\/\/agromt.news\/index.php?rest_route=\/wp\/v2\/types\/post"}],"author":[{"embeddable":true,"href":"https:\/\/agromt.news\/index.php?rest_route=\/wp\/v2\/users\/1"}],"replies":[{"embeddable":true,"href":"https:\/\/agromt.news\/index.php?rest_route=%2Fwp%2Fv2%2Fcomments&post=8330"}],"version-history":[{"count":0,"href":"https:\/\/agromt.news\/index.php?rest_route=\/wp\/v2\/posts\/8330\/revisions"}],"wp:featuredmedia":[{"embeddable":true,"href":"https:\/\/agromt.news\/index.php?rest_route=\/wp\/v2\/media\/3610"}],"wp:attachment":[{"href":"https:\/\/agromt.news\/index.php?rest_route=%2Fwp%2Fv2%2Fmedia&parent=8330"}],"wp:term":[{"taxonomy":"category","embeddable":true,"href":"https:\/\/agromt.news\/index.php?rest_route=%2Fwp%2Fv2%2Fcategories&post=8330"},{"taxonomy":"post_tag","embeddable":true,"href":"https:\/\/agromt.news\/index.php?rest_route=%2Fwp%2Fv2%2Ftags&post=8330"}],"curies":[{"name":"wp","href":"https:\/\/api.w.org\/{rel}","templated":true}]}}