{"id":8327,"date":"2025-01-21T21:41:34","date_gmt":"2025-01-22T01:41:34","guid":{"rendered":"https:\/\/agromt.news\/?p=8327"},"modified":"2025-01-21T21:41:34","modified_gmt":"2025-01-22T01:41:34","slug":"forum-economico-mundial-discute-cop-30-e-transicao-energetica","status":"publish","type":"post","link":"https:\/\/agromt.news\/?p=8327","title":{"rendered":"F\u00f3rum Econ\u00f4mico Mundial discute COP 30 e transi\u00e7\u00e3o energ\u00e9tica"},"content":{"rendered":"<p> <br \/>\n<br \/><img decoding=\"async\" src=\"https:\/\/agromt.news\/wp-content\/uploads\/2025\/01\/Forum-Economico-Mundial-discute-COP-30-e-transicao-energetica.png\" \/><\/p>\n<div>\n<p>O F\u00f3rum Econ\u00f4mico Mundial em Davos, nos Alpes Su\u00ed\u00e7os, teve neste segundo dia de discuss\u00f5es a Confer\u00eancia das Na\u00e7\u00f5es Unidas sobre as Mudan\u00e7as Clim\u00e1ticas de 2025 <strong><a href=\"https:\/\/www.canalrural.com.br\/tag\/cop30\/\">(COP 30)<\/a><\/strong>, que ser\u00e1 realizada em Bel\u00e9m, no Par\u00e1, como destaque.<\/p>\n<p>Al\u00e9m disso, temas como a sa\u00fade da mulher, o uso da intelig\u00eancia artificial, as tens\u00f5es geopol\u00edticas e o combate \u00e0 crise clim\u00e1tica tamb\u00e9m foram temas centrais. \u00c9 exatamente neste \u00faltimo t\u00f3pico que o papel do agroneg\u00f3cio \u00e9 tido como fundamental.<\/p>\n<figure class=\"wp-block-embed is-type-video is-provider-youtube wp-block-embed-youtube wp-embed-aspect-16-9 wp-has-aspect-ratio\">\n<p>\n<iframe title=\"Na Su\u00ed\u00e7a | F\u00f3rum Econ\u00f4mico Mundial discute COP30 e transi\u00e7\u00e3o energ\u00e9tica\" width=\"800\" height=\"450\" src=\"https:\/\/www.youtube.com\/embed\/VfGar1CU2YI?feature=oembed\" frameborder=\"0\" allow=\"accelerometer; autoplay; clipboard-write; encrypted-media; gyroscope; picture-in-picture; web-share\" referrerpolicy=\"strict-origin-when-cross-origin\" allowfullscreen><\/iframe><noscript><iframe title=\"Na Su\u00ed\u00e7a | F\u00f3rum Econ\u00f4mico Mundial discute COP30 e transi\u00e7\u00e3o energ\u00e9tica\" width=\"800\" height=\"450\" src=\"https:\/\/www.youtube.com\/embed\/VfGar1CU2YI?feature=oembed\" frameborder=\"0\" allow=\"accelerometer; autoplay; clipboard-write; encrypted-media; gyroscope; picture-in-picture; web-share\" referrerpolicy=\"strict-origin-when-cross-origin\" allowfullscreen><\/iframe><\/noscript>\n<\/p>\n<\/figure>\n<p>\u201cA produ\u00e7\u00e3o rural do Brasil deve dar o exemplo para que n\u00f3s possamos compatibilizar produzir, fortalecer a voca\u00e7\u00e3o da produ\u00e7\u00e3o e seguran\u00e7a alimentar, que \u00e9 voca\u00e7\u00e3o do Brasil, com a agenda ambiental sustent\u00e1vel\u201d, disse o governador do Par\u00e1, Helder Barbalho, presente no F\u00f3rum.<\/p>\n<p>O financiamento clim\u00e1tico seguir\u00e1 sendo perseguido para que as metas dos pa\u00edses em desenvolvimento sejam cumpridas. O tema foi ampliado na <em>Brazil House<\/em>, situada na rua principal do evento. O espa\u00e7o \u00e9 uma iniciativa da iniciativa privada e re\u00fane todos os dias empresas e autoridades para tratar de temas centrais ao avan\u00e7o do pa\u00eds na agenda da sustentabilidade.<\/p>\n<\/div>\n<div>\n<p>\u201c\u00c9 importante entender que existe uma transforma\u00e7\u00e3o acontecendo na natureza, que o homem n\u00e3o tem dom\u00ednio de tudo, mas que n\u00f3s sabemos as causas e que a humanidade ter\u00e1 de lidar com essas causas em uma transforma\u00e7\u00e3o econ\u00f4mica do mundo, que vem junto com a transforma\u00e7\u00e3o tecnol\u00f3gica do mundo, de inova\u00e7\u00e3o de tecnologia que, obviamente, \u00e9 muito demandante de recursos naturais\u201d, diz a presidente do Comit\u00ea Global de Sustentabilidade da Ambipar, Izabella Teixeira.<\/p>\n<p>No quesito da transi\u00e7\u00e3o energ\u00e9tica, o Brasil \u00e9 reconhecido internacionalmente pela sua matriz diversificada e predominantemente renov\u00e1vel.<\/p>\n<p>A COP 30 voltar\u00e1 a ser tema da programa\u00e7\u00e3o do F\u00f3rum Econ\u00f4mico Mundial de Davos nesta quarta-feira (22) em um evento que vai tratar da descarboniza\u00e7\u00e3o da pecu\u00e1ria .<\/p>\n<\/p><\/div>\n<p><br \/>\n<br \/><a href=\"https:\/\/www.canalrural.com.br\/internacional\/forum-economico-mundial-discute-cop-30-e-transicao-energetica\/\">Source link <\/a><\/p>\n","protected":false},"excerpt":{"rendered":"<p>O F\u00f3rum Econ\u00f4mico Mundial em Davos, nos Alpes Su\u00ed\u00e7os, teve neste segundo dia de discuss\u00f5es a Confer\u00eancia das Na\u00e7\u00f5es Unidas<\/p>\n","protected":false},"author":1,"featured_media":8328,"comment_status":"open","ping_status":"open","sticky":false,"template":"","format":"standard","meta":{"_monsterinsights_skip_tracking":false,"_monsterinsights_sitenote_active":false,"_monsterinsights_sitenote_note":"","_monsterinsights_sitenote_category":0,"_uf_show_specific_survey":0,"_uf_disable_surveys":false,"footnotes":""},"categories":[1],"tags":[],"class_list":["post-8327","post","type-post","status-publish","format-standard","has-post-thumbnail","hentry","category-news"],"_links":{"self":[{"href":"https:\/\/agromt.news\/index.php?rest_route=\/wp\/v2\/posts\/8327"}],"collection":[{"href":"https:\/\/agromt.news\/index.php?rest_route=\/wp\/v2\/posts"}],"about":[{"href":"https:\/\/agromt.news\/index.php?rest_route=\/wp\/v2\/types\/post"}],"author":[{"embeddable":true,"href":"https:\/\/agromt.news\/index.php?rest_route=\/wp\/v2\/users\/1"}],"replies":[{"embeddable":true,"href":"https:\/\/agromt.news\/index.php?rest_route=%2Fwp%2Fv2%2Fcomments&post=8327"}],"version-history":[{"count":0,"href":"https:\/\/agromt.news\/index.php?rest_route=\/wp\/v2\/posts\/8327\/revisions"}],"wp:featuredmedia":[{"embeddable":true,"href":"https:\/\/agromt.news\/index.php?rest_route=\/wp\/v2\/media\/8328"}],"wp:attachment":[{"href":"https:\/\/agromt.news\/index.php?rest_route=%2Fwp%2Fv2%2Fmedia&parent=8327"}],"wp:term":[{"taxonomy":"category","embeddable":true,"href":"https:\/\/agromt.news\/index.php?rest_route=%2Fwp%2Fv2%2Fcategories&post=8327"},{"taxonomy":"post_tag","embeddable":true,"href":"https:\/\/agromt.news\/index.php?rest_route=%2Fwp%2Fv2%2Ftags&post=8327"}],"curies":[{"name":"wp","href":"https:\/\/api.w.org\/{rel}","templated":true}]}}