{"id":8325,"date":"2025-01-21T21:35:39","date_gmt":"2025-01-22T01:35:39","guid":{"rendered":"https:\/\/agromt.news\/?p=8325"},"modified":"2025-01-21T21:35:39","modified_gmt":"2025-01-22T01:35:39","slug":"mercado-de-trigo-segue-lento-no-sul","status":"publish","type":"post","link":"https:\/\/agromt.news\/?p=8325","title":{"rendered":"Mercado de trigo segue lento no Sul"},"content":{"rendered":"<p> <br \/>\n<\/p>\n<div>\n<p>De acordo com informa\u00e7\u00f5es da TF Agroecon\u00f4mica, o mercado de <a href=\"https:\/\/www.agrolink.com.br\/culturas\/trigo\/?utm_source=agrolink-detalhe-noticia&amp;utm_medium=detalhe-noticia&amp;utm_campaign=links-internos\" target=\"_blank\" rel=\"noopener\">trigo<\/a> no Sul do Brasil segue lento, com moinhos locais e exportadores buscando defini\u00e7\u00f5es para o in\u00edcio de 2025. No Rio Grande do Sul, os moinhos j\u00e1 garantiram suas posi\u00e7\u00f5es para janeiro e come\u00e7am a negociar para fevereiro e mar\u00e7o.\u00a0&#13;\n<\/p>\n<p>No mercado interno, o trigo com embarque entre 15 de fevereiro e 15 de mar\u00e7o e pagamento no fim de mar\u00e7o apresenta pre\u00e7os de R$ 1.250,00\/t no interior, subindo para R$ 1.300,00\/t para trigos de qualidade superior. No mercado de exporta\u00e7\u00e3o, os pre\u00e7os no porto ca\u00edram para R$ 1.350,00\/t, sem registro de novos neg\u00f3cios. Na regi\u00e3o de Panambi, o pre\u00e7o da pedra manteve-se em R$ 65,00 a saca.<\/p>\n<p>Em Santa Catarina, o mercado segue com ofertas locais entre R$ 1.400,00 e R$ 1.450,00\/t em regi\u00f5es como Mafra, Tr\u00eas Barras, Campos Novos e Pinhalzinho. O trigo importado, trazido pela Serra Morena, alcan\u00e7a valores superiores a R$ 1.700,00 no porto e R$ 1.800,00 no interior. Os pre\u00e7os pagos aos produtores catarinenses variaram de R$ 68,00\/saca em Rio do Sul a R$ 73,00\/saca em Xanxer\u00ea e S\u00e3o Miguel do Oeste, sem altera\u00e7\u00f5es em rela\u00e7\u00e3o \u00e0 semana anterior.&#13;\n<\/p>\n<p>No Paran\u00e1, a necessidade de liberar armaz\u00e9ns para receber milho e soja da safra de ver\u00e3o tem influenciado o mercado. As \u00faltimas negocia\u00e7\u00f5es no norte do estado ocorreram a R$ 1.450,00\/t, enquanto os pedidos dos vendedores permanecem em torno de R$ 1.500,00\/t. No oeste e sudoeste, os pre\u00e7os s\u00e3o mais competitivos do que os ga\u00fachos, com trigos de boa qualidade sendo negociados a R$ 1.700,00\/t FOB no diferido. O trigo branqueador, indicado a R$ 1.650,00 CIF, n\u00e3o encontra compradores.<br \/>&#13;<br \/>\n\u00a0<\/p>\n<\/p><\/div>\n<p><script data-cfasync=\"false\">\n    !function (f, b, e, v, n, t, s) {\n        if (f.fbq) return; n = f.fbq = function () {\n            n.callMethod ?\n                n.callMethod.apply(n, arguments) : n.queue.push(arguments)\n        };\n        if (!f._fbq) f._fbq = n; n.push = n; n.loaded = !0; n.version = '2.0';\n        n.queue = []; t = b.createElement(e); t.async = !0;\n        t.src = v; s = b.getElementsByTagName(e)[0];\n        s.parentNode.insertBefore(t, s)\n    }(window, document, 'script',\n        'https:\/\/connect.facebook.net\/en_US\/fbevents.js');\n    fbq('init', '522546078623747');\n    fbq('track', 'PageView');\n<\/script><br \/>\n<br \/><br \/>\n<br \/><a href=\"https:\/\/www.agrolink.com.br\/noticias\/mercado-de-trigo-segue-lento-no-sul_498607.html\">Source link <\/a><\/p>\n","protected":false},"excerpt":{"rendered":"<p>De acordo com informa\u00e7\u00f5es da TF Agroecon\u00f4mica, o mercado de trigo no Sul do Brasil segue lento, com moinhos locais<\/p>\n","protected":false},"author":1,"featured_media":8326,"comment_status":"open","ping_status":"open","sticky":false,"template":"","format":"standard","meta":{"_monsterinsights_skip_tracking":false,"_monsterinsights_sitenote_active":false,"_monsterinsights_sitenote_note":"","_monsterinsights_sitenote_category":0,"_uf_show_specific_survey":0,"_uf_disable_surveys":false,"footnotes":""},"categories":[8,1,14],"tags":[],"class_list":["post-8325","post","type-post","status-publish","format-standard","has-post-thumbnail","hentry","category-agro","category-news","category-politica-agro"],"_links":{"self":[{"href":"https:\/\/agromt.news\/index.php?rest_route=\/wp\/v2\/posts\/8325"}],"collection":[{"href":"https:\/\/agromt.news\/index.php?rest_route=\/wp\/v2\/posts"}],"about":[{"href":"https:\/\/agromt.news\/index.php?rest_route=\/wp\/v2\/types\/post"}],"author":[{"embeddable":true,"href":"https:\/\/agromt.news\/index.php?rest_route=\/wp\/v2\/users\/1"}],"replies":[{"embeddable":true,"href":"https:\/\/agromt.news\/index.php?rest_route=%2Fwp%2Fv2%2Fcomments&post=8325"}],"version-history":[{"count":0,"href":"https:\/\/agromt.news\/index.php?rest_route=\/wp\/v2\/posts\/8325\/revisions"}],"wp:featuredmedia":[{"embeddable":true,"href":"https:\/\/agromt.news\/index.php?rest_route=\/wp\/v2\/media\/8326"}],"wp:attachment":[{"href":"https:\/\/agromt.news\/index.php?rest_route=%2Fwp%2Fv2%2Fmedia&parent=8325"}],"wp:term":[{"taxonomy":"category","embeddable":true,"href":"https:\/\/agromt.news\/index.php?rest_route=%2Fwp%2Fv2%2Fcategories&post=8325"},{"taxonomy":"post_tag","embeddable":true,"href":"https:\/\/agromt.news\/index.php?rest_route=%2Fwp%2Fv2%2Ftags&post=8325"}],"curies":[{"name":"wp","href":"https:\/\/api.w.org\/{rel}","templated":true}]}}