{"id":8321,"date":"2025-01-21T19:43:40","date_gmt":"2025-01-21T23:43:40","guid":{"rendered":"https:\/\/agromt.news\/?p=8321"},"modified":"2025-01-21T19:43:40","modified_gmt":"2025-01-21T23:43:40","slug":"incendio-destroi-galpao-algodoeiro-em-luis-eduardo-magalhaes","status":"publish","type":"post","link":"https:\/\/agromt.news\/?p=8321","title":{"rendered":"Inc\u00eandio destr\u00f3i galp\u00e3o algodoeiro em Lu\u00eds Eduardo Magalh\u00e3es"},"content":{"rendered":"<p> <br \/>\n<\/p>\n<div>\n<p>Um <strong>inc\u00eandio deixou um galp\u00e3o algodoeiro<\/strong> parcialmente destru\u00eddo na madrugada desta ter\u00e7a-feira (21), em <strong>Lu\u00eds Eduardo Magalh\u00e3es<\/strong>, no <strong>Oeste da Bahia<\/strong>, pr\u00f3ximo a BR-020, sentido Bras\u00edlia.<\/p>\n<p>De acordo com o Corpo de Bombeiros, equipes da 2\u00aa Companhia do 17\u00ba Batalh\u00e3o de Bombeiros Militar (17\u00ba BBM), foram acionadas por volta das 02h50 da manh\u00e3.<\/p>\n<p>Ao chegarem ao local, a primeira equipe constatou que o fogo j\u00e1 havia se alastrado por metade do algod\u00e3o armazenado no galp\u00e3o. <\/p>\n<figure class=\"wp-block-image size-large\"><img fetchpriority=\"high\" decoding=\"async\" width=\"1024\" height=\"768\" alt=\"ar\u00e9a interna de galp\u00e3o atingido pelo fogo em lu\u00eds eduardo magalh\u00e3es\" class=\"wp-image-4084123\"  data-lazy- src=\"https:\/\/agromt.news\/wp-content\/uploads\/2025\/01\/Incendio-destroi-galpao-algodoeiro-em-Luis-Eduardo-Magalhaes.jpeg\"\/><img decoding=\"async\" width=\"1024\" height=\"768\" src=\"https:\/\/agromt.news\/wp-content\/uploads\/2025\/01\/Incendio-destroi-galpao-algodoeiro-em-Luis-Eduardo-Magalhaes.jpeg\" alt=\"ar\u00e9a interna de galp\u00e3o atingido pelo fogo em lu\u00eds eduardo magalh\u00e3es\" class=\"wp-image-4084123\"  \/><figcaption class=\"wp-element-caption\">Foto: Divulga\u00e7\u00e3o\/17\u00ba Batalh\u00e3o de Bombeiros Militar<\/figcaption><\/figure>\n<p>A a\u00e7\u00e3o r\u00e1pida dos bombeiros, com o uso de uma Auto Tanque Bomba (ATB), caminh\u00f5es-pipa, retroescavadeiras e o apoio de funcion\u00e1rios da empresa, foi fundamental para controlar as chamas e evitar a destrui\u00e7\u00e3o completa da estrutura.<\/p>\n<p>Ainda de acordo com o Corpo de Bombeiros, por volta das 8h20, uma segunda equipe deu continuidade ao trabalho, realizando o resfriamento do material ainda em combust\u00e3o. <\/p>\n<figure class=\"wp-block-image size-large\"><img decoding=\"async\" width=\"1024\" height=\"768\" alt=\"fogo destruiu algod\u00e3o que estava armazenado em galp\u00e3o de uma empresa em Lu\u00eds eduardo magalh\u00e3es\" class=\"wp-image-4084124\"  data-lazy- src=\"https:\/\/agromt.news\/wp-content\/uploads\/2025\/01\/1737503020_658_Incendio-destroi-galpao-algodoeiro-em-Luis-Eduardo-Magalhaes.jpeg\"\/><img loading=\"lazy\" decoding=\"async\" width=\"1024\" height=\"768\" src=\"https:\/\/agromt.news\/wp-content\/uploads\/2025\/01\/1737503020_658_Incendio-destroi-galpao-algodoeiro-em-Luis-Eduardo-Magalhaes.jpeg\" alt=\"fogo destruiu algod\u00e3o que estava armazenado em galp\u00e3o de uma empresa em Lu\u00eds eduardo magalh\u00e3es\" class=\"wp-image-4084124\"  \/><figcaption class=\"wp-element-caption\">Foto: Divulga\u00e7\u00e3o\/17\u00ba Batalh\u00e3o de Bombeiros Militar<\/figcaption><\/figure>\n<p>Para isso, foi necess\u00e1rio abrir acessos e derrubar paredes com o aux\u00edlio de retroescavadeiras, dissipando o calor e permitindo que as m\u00e1quinas iniciassem a retirada dos restos queimados no processo de rescaldo.<\/p>\n<\/div>\n<div>\n<p>N\u00e3o houve feridos e apesar das perdas materiais, a atua\u00e7\u00e3o dos bombeiros foi decisiva para impedir que o inc\u00eandio atingisse os fardos de algod\u00e3o armazenados na parte externa do galp\u00e3o. <\/p>\n<p>At\u00e9 a publica\u00e7\u00e3o desta reportagem, n\u00e3o h\u00e1 informa\u00e7\u00f5es sobre o que teria causado o inc\u00eandio no galp\u00e3o de armazenamento da fibra.<\/p>\n<p>Al\u00e9m disso, n\u00e3o foi informado o n\u00famero de fardos de algod\u00e3o armazenados e que foram atingidos pelo fogo. A opera\u00e7\u00e3o s\u00f3 foi conclu\u00edda na parte da tarde.<\/p>\n<hr class=\"wp-block-separator has-alpha-channel-opacity\"\/>\n<p><em>Siga o\u00a0<a href=\"https:\/\/www.instagram.com\/canalruralbahia\/\">Canal Rural Bahia no Instagram<\/a>! Voc\u00ea tamb\u00e9m pode participar deixando uma sugest\u00e3o de pauta. Clique\u00a0<a href=\"https:\/\/wa.me\/5577999455066\"><strong>aqui<\/strong><\/a>\u00a0e envie uma mensagem para o nosso WhatsApp<\/em>!<\/p>\n<\/p><\/div>\n<p><script async src=\"\/\/www.instagram.com\/embed.js\"><\/script><br \/>\n<br \/><br \/>\n<br \/><a href=\"https:\/\/www.canalrural.com.br\/nacional\/bahia\/incendio-destroi-galpao-algodoeiro-em-luis-eduardo-magalhaes\/\">Source link <\/a><\/p>\n","protected":false},"excerpt":{"rendered":"<p>Um inc\u00eandio deixou um galp\u00e3o algodoeiro parcialmente destru\u00eddo na madrugada desta ter\u00e7a-feira (21), em Lu\u00eds Eduardo Magalh\u00e3es, no Oeste da<\/p>\n","protected":false},"author":1,"featured_media":8322,"comment_status":"open","ping_status":"open","sticky":false,"template":"","format":"standard","meta":{"_monsterinsights_skip_tracking":false,"_monsterinsights_sitenote_active":false,"_monsterinsights_sitenote_note":"","_monsterinsights_sitenote_category":0,"_uf_show_specific_survey":0,"_uf_disable_surveys":false,"footnotes":""},"categories":[1],"tags":[],"class_list":["post-8321","post","type-post","status-publish","format-standard","has-post-thumbnail","hentry","category-news"],"_links":{"self":[{"href":"https:\/\/agromt.news\/index.php?rest_route=\/wp\/v2\/posts\/8321"}],"collection":[{"href":"https:\/\/agromt.news\/index.php?rest_route=\/wp\/v2\/posts"}],"about":[{"href":"https:\/\/agromt.news\/index.php?rest_route=\/wp\/v2\/types\/post"}],"author":[{"embeddable":true,"href":"https:\/\/agromt.news\/index.php?rest_route=\/wp\/v2\/users\/1"}],"replies":[{"embeddable":true,"href":"https:\/\/agromt.news\/index.php?rest_route=%2Fwp%2Fv2%2Fcomments&post=8321"}],"version-history":[{"count":0,"href":"https:\/\/agromt.news\/index.php?rest_route=\/wp\/v2\/posts\/8321\/revisions"}],"wp:featuredmedia":[{"embeddable":true,"href":"https:\/\/agromt.news\/index.php?rest_route=\/wp\/v2\/media\/8322"}],"wp:attachment":[{"href":"https:\/\/agromt.news\/index.php?rest_route=%2Fwp%2Fv2%2Fmedia&parent=8321"}],"wp:term":[{"taxonomy":"category","embeddable":true,"href":"https:\/\/agromt.news\/index.php?rest_route=%2Fwp%2Fv2%2Fcategories&post=8321"},{"taxonomy":"post_tag","embeddable":true,"href":"https:\/\/agromt.news\/index.php?rest_route=%2Fwp%2Fv2%2Ftags&post=8321"}],"curies":[{"name":"wp","href":"https:\/\/api.w.org\/{rel}","templated":true}]}}