{"id":8317,"date":"2025-01-21T18:32:39","date_gmt":"2025-01-21T22:32:39","guid":{"rendered":"https:\/\/agromt.news\/?p=8317"},"modified":"2025-01-21T18:32:39","modified_gmt":"2025-01-21T22:32:39","slug":"cotacoes-em-alta-mas-com-crescimento-modesto-confira-os-precos","status":"publish","type":"post","link":"https:\/\/agromt.news\/?p=8317","title":{"rendered":"cota\u00e7\u00f5es em alta, mas com crescimento modesto; confira os pre\u00e7os"},"content":{"rendered":"<p> <br \/>\n<\/p>\n<div>\n<p>O mercado f\u00edsico do boi gordo manteve pre\u00e7os firmes nesta ter\u00e7a-feira (21). Segundo o consultor de Safras &amp; Mercado Fernando Henrique Iglesias, o ambiente de neg\u00f3cios ainda sugere por reajustes dos pre\u00e7os. <\/p>\n<p>\u201cNo entanto, a din\u00e2mica delimitada aponta para um movimento comedido. As escalas de abate permanecem encurtadas e seguem como uma das principais vari\u00e1veis para justificar essa expectativa de eleva\u00e7\u00e3o dos pre\u00e7os\u201d, diz.<\/p>\n<p>Segundo ele, outro aspecto a ser considerado est\u00e1 na agressividade das <strong><a href=\"https:\/\/www.canalrural.com.br\/tag\/exportacoes\/\">exporta\u00e7\u00f5es<\/a><\/strong>, com um desempenho bastante favor\u00e1vel neste in\u00edcio de temporada.<\/p>\n<\/div>\n<div>\n<h2 class=\"wp-block-heading\" id=\"h-precos-medios-da-arroba-do-boi-a-prazo\">Pre\u00e7os m\u00e9dios da arroba do boi (a prazo)<\/h2>\n<ul class=\"wp-block-list\">\n<li><strong>S\u00e3o Paulo:<\/strong> R$ 334,42 (R$ 333,92 ontem)<\/li>\n<li><strong>Minas Gerais:<\/strong> R$ 323,53 (R$ 322,94 anteriormente)<\/li>\n<li><strong>Goi\u00e1s: <\/strong>R$ 323,21, sem mudan\u00e7as<\/li>\n<li><strong>Mato Grosso do Sul:<\/strong> R$ 327,05 (R$ 326,59 na segunda)<\/li>\n<li><strong>Mato Grosso:<\/strong> R$ 319,82 (R$ 319,72 ontem)<\/li>\n<\/ul>\n<h2 class=\"wp-block-heading\" id=\"h-mercado-atacadista\">Mercado atacadista<\/h2>\n<figure class=\"wp-block-image size-large\"><img fetchpriority=\"high\" decoding=\"async\" width=\"1024\" height=\"683\" alt=\"carne bovina\" class=\"wp-image-4010509\"  data-lazy- src=\"https:\/\/agromt.news\/wp-content\/uploads\/2024\/11\/Boi-gordo-permanece-em-alta-mas-da-sinais-de-acomodacao.jpg\"\/><img decoding=\"async\" width=\"1024\" height=\"683\" src=\"https:\/\/agromt.news\/wp-content\/uploads\/2024\/11\/Boi-gordo-permanece-em-alta-mas-da-sinais-de-acomodacao.jpg\" alt=\"carne bovina\" class=\"wp-image-4010509\"  \/><figcaption class=\"wp-element-caption\">Foto: Freepik<\/figcaption><\/figure>\n<p>O mercado atacadista voltou a apresentar queda em suas cota\u00e7\u00f5es. Segundo Iglesias, mais uma vez a queda dos pre\u00e7os aconteceu no corte traseiro, algo compreens\u00edvel pelo perfil de consumo delimitado para o primeiro bimestre. <\/p>\n<p>\u201cA prefer\u00eancia da popula\u00e7\u00e3o tende a recair sobre prote\u00ednas mais acess\u00edveis em fun\u00e7\u00e3o de despesas tradicionais que pesam sobre o or\u00e7amento familiar, casos de IPTU, IPVA e<br \/>compra de material escolar. Desta forma, os cortes do frango, embutidos e ovo ganham destaque\u201d, considera o analista.<\/p>\n<p>O quarto traseiro foi precificado a R$ 26 por quilo, queda de R$ 0,50 nesta ter\u00e7a. J\u00e1 o quarto dianteiro ainda \u00e9 cotado a R$ 18,50 por quilo. A ponta de agulha, por sua vez, apresenta alta e foi precificada a R$ 18,70, incremento de R$ 0,20.<\/p>\n<h2 class=\"wp-block-heading\" id=\"h-cambio\">C\u00e2mbio<\/h2>\n<pre class=\"wp-block-code\"><code>O d\u00f3lar comercial encerrou a sess\u00e3o em queda de 0,18%, sendo negociado a R$ 6,0312 para venda e a R$ 6,0292 para compra. Durante o dia, a moeda norte-americana oscilou entre a m\u00ednima de R$ 6,0170 e a m\u00e1xima de R$ 6,0675.<\/code><\/pre>\n<\/p><\/div>\n<p><br \/>\n<br \/><a href=\"https:\/\/www.canalrural.com.br\/pecuaria\/boi-gordo-cotacoes-em-alta-mas-com-crescimento-mais-modesto-confira-os-precos\/\">Source link <\/a><\/p>\n","protected":false},"excerpt":{"rendered":"<p>O mercado f\u00edsico do boi gordo manteve pre\u00e7os firmes nesta ter\u00e7a-feira (21). Segundo o consultor de Safras &amp; Mercado Fernando<\/p>\n","protected":false},"author":1,"featured_media":6601,"comment_status":"open","ping_status":"open","sticky":false,"template":"","format":"standard","meta":{"_monsterinsights_skip_tracking":false,"_monsterinsights_sitenote_active":false,"_monsterinsights_sitenote_note":"","_monsterinsights_sitenote_category":0,"_uf_show_specific_survey":0,"_uf_disable_surveys":false,"footnotes":""},"categories":[1],"tags":[],"class_list":["post-8317","post","type-post","status-publish","format-standard","has-post-thumbnail","hentry","category-news"],"_links":{"self":[{"href":"https:\/\/agromt.news\/index.php?rest_route=\/wp\/v2\/posts\/8317"}],"collection":[{"href":"https:\/\/agromt.news\/index.php?rest_route=\/wp\/v2\/posts"}],"about":[{"href":"https:\/\/agromt.news\/index.php?rest_route=\/wp\/v2\/types\/post"}],"author":[{"embeddable":true,"href":"https:\/\/agromt.news\/index.php?rest_route=\/wp\/v2\/users\/1"}],"replies":[{"embeddable":true,"href":"https:\/\/agromt.news\/index.php?rest_route=%2Fwp%2Fv2%2Fcomments&post=8317"}],"version-history":[{"count":0,"href":"https:\/\/agromt.news\/index.php?rest_route=\/wp\/v2\/posts\/8317\/revisions"}],"wp:featuredmedia":[{"embeddable":true,"href":"https:\/\/agromt.news\/index.php?rest_route=\/wp\/v2\/media\/6601"}],"wp:attachment":[{"href":"https:\/\/agromt.news\/index.php?rest_route=%2Fwp%2Fv2%2Fmedia&parent=8317"}],"wp:term":[{"taxonomy":"category","embeddable":true,"href":"https:\/\/agromt.news\/index.php?rest_route=%2Fwp%2Fv2%2Fcategories&post=8317"},{"taxonomy":"post_tag","embeddable":true,"href":"https:\/\/agromt.news\/index.php?rest_route=%2Fwp%2Fv2%2Ftags&post=8317"}],"curies":[{"name":"wp","href":"https:\/\/api.w.org\/{rel}","templated":true}]}}