{"id":8315,"date":"2025-01-21T18:17:16","date_gmt":"2025-01-21T22:17:16","guid":{"rendered":"https:\/\/agromt.news\/?p=8315"},"modified":"2025-01-21T18:17:16","modified_gmt":"2025-01-21T22:17:16","slug":"suinos-precos-do-animal-vivo-fecham-esta-sexta-feira-3-em-campo-misto","status":"publish","type":"post","link":"https:\/\/agromt.news\/?p=8315","title":{"rendered":"Su\u00ednos: pre\u00e7os do animal vivo fecham esta sexta-feira (3) em campo misto"},"content":{"rendered":"<p> <br \/>\n<\/p>\n<div>\n<div class=\"materia\">\n<p><img decoding=\"async\" alt=\"Logotipo Not&#xED;cias Agr&#xED;colas\" height=\"21\" src=\"https:\/\/cdn.noticiasagricolas.com.br\/dbimagens\/e12363a00741f9cc7caf23469101a4aa.png\" width=\"106\"\/><\/p>\n<p>O mercado de su\u00ednos terminou esta sexta-feira (3) com cota\u00e7\u00f5es em campo misto para os pre\u00e7os do animal vivo. De acordo com informa\u00e7\u00f5es do Cepea, o m\u00eas de dezembro tem sido de repetidas baixas nos pre\u00e7os do animal vivo, ap\u00f3s recorde nominal atigido em novembro. A raz\u00e3o para isso seria, segundo o \u00f3rg\u00e3o, um descompasso entre oferta e demanda no mercado dom\u00e9stico.<\/p>\n<p>Conforme a Scot Consultoria, o valor da arroba do su\u00edno CIF em S\u00e3o Paulo ficou est\u00e1vel, com pre\u00e7o m\u00e9dio de R$ 152,00, assim como a carca\u00e7a especial, fechando em R$ 12,20\/kg, em m\u00e9dia.<\/p>\n<p>Conforme informa\u00e7\u00f5es do Cepea\/Esalq sobre o Indicador do Su\u00edno Vivo, referentes \u00e0 quinta-feira (2), o pre\u00e7o ficou est\u00e1vel somente em Minas Gerais (R$ 7,96\/kg), e houve aumento de 0,37% no Rio Grande do Sul, chegando a R$ 8,21\/kg. Houve queda de 1,94% no Paran\u00e1, atingindo R$ 7,58\/kg, recuo de 1,65% em Santa Catarina, alcan\u00e7ando R$ 7,76\/kg, e de 0,12% em S\u00e3o Paulo, fechando em R$ 8,08\/kg.\u00a0<br \/>\u00a0<\/p>\n<\/p><\/div>\n<div class=\"grupo-whatsapp\">\n      J\u00e1 segue nosso Canal oficial no WhatsApp? <a href=\"https:\/\/bit.ly\/Canal_NA\" target=\"_blank\" rel=\"noopener\"><strong>Clique Aqui<\/strong><\/a> para receber em primeira m\u00e3o as principais not\u00edcias do agroneg\u00f3cio\n    <\/div>\n<div class=\"fonte\">\n<p>Fonte:<\/p>\n<p>                  <span>Not\u00edcias Agr\u00edcolas<\/span>\n              <\/div>\n<\/p><\/div>\n<p><script async defer src=\"https:\/\/connect.facebook.net\/en_US\/sdk.js\" type=\"e47758755837ba9e529b5ba3-text\/javascript\"><\/script><script type=\"e47758755837ba9e529b5ba3-text\/javascript\">\n  !function(f,b,e,v,n,t,s)\n  {if(f.fbq)return;n=f.fbq=function(){n.callMethod?\n    n.callMethod.apply(n,arguments):n.queue.push(arguments)};\n    if(!f._fbq)f._fbq=n;n.push=n;n.loaded=!0;n.version='2.0';\n    n.queue=[];t=b.createElement(e);t.async=!0;\n    t.src=v;s=b.getElementsByTagName(e)[0];\n    s.parentNode.insertBefore(t,s)}(window, document,'script',\n    'https:\/\/connect.facebook.net\/en_US\/fbevents.js');\n  fbq('init', '153495679422335');\n  fbq('track', 'PageView');\n<\/script><br \/>\n<br \/><br \/>\n<br \/><a href=\"https:\/\/www.noticiasagricolas.com.br\/noticias\/granjeiros\/391613-suinos-precos-do-animal-vivo-fecham-esta-sexta-feira-3-em-campo-misto.html\">Source link <\/a><\/p>\n","protected":false},"excerpt":{"rendered":"<p>O mercado de su\u00ednos terminou esta sexta-feira (3) com cota\u00e7\u00f5es em campo misto para os pre\u00e7os do animal vivo. De<\/p>\n","protected":false},"author":1,"featured_media":8316,"comment_status":"open","ping_status":"open","sticky":false,"template":"","format":"standard","meta":{"_monsterinsights_skip_tracking":false,"_monsterinsights_sitenote_active":false,"_monsterinsights_sitenote_note":"","_monsterinsights_sitenote_category":0,"_uf_show_specific_survey":0,"_uf_disable_surveys":false,"footnotes":""},"categories":[8,1,14,16],"tags":[],"class_list":["post-8315","post","type-post","status-publish","format-standard","has-post-thumbnail","hentry","category-agro","category-news","category-politica-agro","category-safra"],"_links":{"self":[{"href":"https:\/\/agromt.news\/index.php?rest_route=\/wp\/v2\/posts\/8315"}],"collection":[{"href":"https:\/\/agromt.news\/index.php?rest_route=\/wp\/v2\/posts"}],"about":[{"href":"https:\/\/agromt.news\/index.php?rest_route=\/wp\/v2\/types\/post"}],"author":[{"embeddable":true,"href":"https:\/\/agromt.news\/index.php?rest_route=\/wp\/v2\/users\/1"}],"replies":[{"embeddable":true,"href":"https:\/\/agromt.news\/index.php?rest_route=%2Fwp%2Fv2%2Fcomments&post=8315"}],"version-history":[{"count":0,"href":"https:\/\/agromt.news\/index.php?rest_route=\/wp\/v2\/posts\/8315\/revisions"}],"wp:featuredmedia":[{"embeddable":true,"href":"https:\/\/agromt.news\/index.php?rest_route=\/wp\/v2\/media\/8316"}],"wp:attachment":[{"href":"https:\/\/agromt.news\/index.php?rest_route=%2Fwp%2Fv2%2Fmedia&parent=8315"}],"wp:term":[{"taxonomy":"category","embeddable":true,"href":"https:\/\/agromt.news\/index.php?rest_route=%2Fwp%2Fv2%2Fcategories&post=8315"},{"taxonomy":"post_tag","embeddable":true,"href":"https:\/\/agromt.news\/index.php?rest_route=%2Fwp%2Fv2%2Ftags&post=8315"}],"curies":[{"name":"wp","href":"https:\/\/api.w.org\/{rel}","templated":true}]}}