{"id":8312,"date":"2025-01-21T17:27:37","date_gmt":"2025-01-21T21:27:37","guid":{"rendered":"https:\/\/agromt.news\/?p=8312"},"modified":"2025-01-21T17:27:37","modified_gmt":"2025-01-21T21:27:37","slug":"entre-chuvas-estiagens-e-pressao-de-baixa-no-mercado","status":"publish","type":"post","link":"https:\/\/agromt.news\/?p=8312","title":{"rendered":"entre chuvas, estiagens e press\u00e3o de baixa no mercado"},"content":{"rendered":"<p> <br \/>\n<\/p>\n<div>\n<p style=\"text-align:justify\">O mercado de <a href=\"https:\/\/www.agrolink.com.br\/culturas\/soja?utm_source=agrolink-detalhe-noticia&amp;utm_medium=detalhe-noticia&amp;utm_campaign=links-internos\" target=\"_blank\" rel=\"noopener\">soja<\/a> enfrentou uma semana de contrastes clim\u00e1ticos que afetaram diretamente o andamento da safra brasileira. Enquanto chuvas intensas nas regi\u00f5es Centro-Norte, incluindo partes de Minas Gerais, atrasaram a colheita, a estiagem no Sul trouxe preocupa\u00e7\u00f5es com a produtividade. No Paran\u00e1, o Deral registrou perdas, mesmo com apenas 2% da \u00e1rea colhida.&#13;\n<\/p>\n<p style=\"text-align:justify\">De acordo com a an\u00e1lise de mercado da <a href=\"http:\/\/www.graodireto.com.br\">Gr\u00e3o Direto<\/a>, no cen\u00e1rio global, o International Grains Council (IGC) elevou suas estimativas para a produ\u00e7\u00e3o mundial de <a href=\"https:\/\/www.agrolink.com.br\/culturas\/soja?utm_source=agrolink-detalhe-noticia&amp;utm_medium=detalhe-noticia&amp;utm_campaign=links-internos\" target=\"_blank\" rel=\"noopener\">soja<\/a>, consolidando as expectativas de uma safra recorde em 2024\/25. Essa perspectiva tamb\u00e9m se reflete no Brasil, que deve atingir uma produ\u00e7\u00e3o de 170 milh\u00f5es de toneladas, confirmando o otimismo dos principais players do mercado.<\/p>\n<p style=\"text-align:justify\">Nos mercados internacionais, o contrato de mar\u00e7o de 2025 para a soja na Bolsa de Chicago (CBOT) encerrou a semana em alta de 0,88%, cotado a US$ 10,35 por bushel. Entretanto, a combina\u00e7\u00e3o da rolagem de contratos e a valoriza\u00e7\u00e3o do real frente ao d\u00f3lar, que caiu 0,49% e fechou em R$ 6,07, pressionou negativamente os pre\u00e7os no mercado f\u00edsico brasileiro.&#13;\n<\/p>\n<p style=\"text-align:justify\"><strong>O que esperar nesta semana?<\/strong><\/p>\n<p style=\"text-align:justify\">As condi\u00e7\u00f5es clim\u00e1ticas seguir\u00e3o como fator-chave para a evolu\u00e7\u00e3o do mercado. Previs\u00f5es do NOAA indicam a continuidade de chuvas nas principais regi\u00f5es produtoras do Brasil, o que reduz o risco de estiagens, mas pode representar um desafio em termos de excesso h\u00eddrico para algumas lavouras, atrasando ainda mais o avan\u00e7o da colheita.<\/p>\n<p style=\"text-align:justify\">Na Argentina, o clima mostra sinais de melhora, sugerindo uma poss\u00edvel recupera\u00e7\u00e3o no potencial produtivo da safra. Isso pode exercer uma press\u00e3o de baixa nos pre\u00e7os internacionais de derivados de soja, caso essa recupera\u00e7\u00e3o se confirme e impacte a oferta global.&#13;\n<\/p>\n<p style=\"text-align:justify\">Al\u00e9m disso, com o in\u00edcio efetivo da colheita no Brasil, o mercado deve se ajustar \u00e0 expectativa de maior disponibilidade de soja. A tend\u00eancia \u00e9 de press\u00e3o de baixa tanto nos pre\u00e7os FOB quanto na CBOT, especialmente se o clima cooperar para acelerar os trabalhos de campo.<\/p>\n<p style=\"text-align:justify\">O c\u00e2mbio, por sua vez, deve permanecer neutro no curto prazo, sem grandes influ\u00eancias sobre as negocia\u00e7\u00f5es no mercado interno.<\/p>\n<\/p><\/div>\n<p><script data-cfasync=\"false\">\n    !function (f, b, e, v, n, t, s) {\n        if (f.fbq) return; n = f.fbq = function () {\n            n.callMethod ?\n                n.callMethod.apply(n, arguments) : n.queue.push(arguments)\n        };\n        if (!f._fbq) f._fbq = n; n.push = n; n.loaded = !0; n.version = '2.0';\n        n.queue = []; t = b.createElement(e); t.async = !0;\n        t.src = v; s = b.getElementsByTagName(e)[0];\n        s.parentNode.insertBefore(t, s)\n    }(window, document, 'script',\n        'https:\/\/connect.facebook.net\/en_US\/fbevents.js');\n    fbq('init', '522546078623747');\n    fbq('track', 'PageView');\n<\/script><br \/>\n<br \/><br \/>\n<br \/><a href=\"https:\/\/www.agrolink.com.br\/noticias\/soja--entre-chuvas--estiagens-e-pressao-de-baixa-no-mercado_498609.html\">Source link <\/a><\/p>\n","protected":false},"excerpt":{"rendered":"<p>O mercado de soja enfrentou uma semana de contrastes clim\u00e1ticos que afetaram diretamente o andamento da safra brasileira. Enquanto chuvas<\/p>\n","protected":false},"author":1,"featured_media":8313,"comment_status":"open","ping_status":"open","sticky":false,"template":"","format":"standard","meta":{"_monsterinsights_skip_tracking":false,"_monsterinsights_sitenote_active":false,"_monsterinsights_sitenote_note":"","_monsterinsights_sitenote_category":0,"_uf_show_specific_survey":0,"_uf_disable_surveys":false,"footnotes":""},"categories":[8,1,14],"tags":[],"class_list":["post-8312","post","type-post","status-publish","format-standard","has-post-thumbnail","hentry","category-agro","category-news","category-politica-agro"],"_links":{"self":[{"href":"https:\/\/agromt.news\/index.php?rest_route=\/wp\/v2\/posts\/8312"}],"collection":[{"href":"https:\/\/agromt.news\/index.php?rest_route=\/wp\/v2\/posts"}],"about":[{"href":"https:\/\/agromt.news\/index.php?rest_route=\/wp\/v2\/types\/post"}],"author":[{"embeddable":true,"href":"https:\/\/agromt.news\/index.php?rest_route=\/wp\/v2\/users\/1"}],"replies":[{"embeddable":true,"href":"https:\/\/agromt.news\/index.php?rest_route=%2Fwp%2Fv2%2Fcomments&post=8312"}],"version-history":[{"count":0,"href":"https:\/\/agromt.news\/index.php?rest_route=\/wp\/v2\/posts\/8312\/revisions"}],"wp:featuredmedia":[{"embeddable":true,"href":"https:\/\/agromt.news\/index.php?rest_route=\/wp\/v2\/media\/8313"}],"wp:attachment":[{"href":"https:\/\/agromt.news\/index.php?rest_route=%2Fwp%2Fv2%2Fmedia&parent=8312"}],"wp:term":[{"taxonomy":"category","embeddable":true,"href":"https:\/\/agromt.news\/index.php?rest_route=%2Fwp%2Fv2%2Fcategories&post=8312"},{"taxonomy":"post_tag","embeddable":true,"href":"https:\/\/agromt.news\/index.php?rest_route=%2Fwp%2Fv2%2Ftags&post=8312"}],"curies":[{"name":"wp","href":"https:\/\/api.w.org\/{rel}","templated":true}]}}