{"id":831,"date":"2024-08-27T07:03:27","date_gmt":"2024-08-27T11:03:27","guid":{"rendered":"https:\/\/agromt.news\/?p=831"},"modified":"2024-08-27T07:03:27","modified_gmt":"2024-08-27T11:03:27","slug":"volume-de-fretes-no-pais-sobe-14-no-1o-semestre-aponta-plataforma","status":"publish","type":"post","link":"https:\/\/agromt.news\/?p=831","title":{"rendered":"Volume de fretes no pa\u00eds sobe 14% no 1\u00ba semestre, aponta plataforma"},"content":{"rendered":"<p> <br \/>\n<\/p>\n<div>\n<p>O volume de fretes rodovi\u00e1rios realizados no Brasil cresceu 13,9% no primeiro semestre de 2024, em compara\u00e7\u00e3o com o mesmo per\u00edodo do ano anterior, apontam dados da plataforma Frete.com.<\/p>\n<p>A plataforma online de transporte de cargas da Am\u00e9rica do Sul aponta que foram registrados 4,8 milh\u00f5es de fretes entre janeiro e junho deste ano.<\/p>\n<p>Todos os setores analisados pela plataforma registraram alta, com a mais expressiva vindo da constru\u00e7\u00e3o civil (19,3%). O agroneg\u00f3cio registrou aumento de 13,7%, enquanto o transporte de produtos industrializados teve alta de 7,2%.<\/p>\n<div class=\"flourish-embed flourish-chart\" data-src=\"https:\/\/www.cnnbrasil.com.br\/economia\/macroeconomia\/volume-de-fretes-no-pais-sobe-14-no-1o-semestre-com-demanda-de-construcao-civil-aponta-plataforma\/visualisation\/19189606\"><img decoding=\"async\" src=\"https:\/\/public.flourish.studio\/visualisation\/19189606\/thumbnail\" width=\"100%\" alt=\"chart visualization\"\/><\/div>\n<p>\u201cO per\u00edodo de 2020 a 2022 apresentou uma distor\u00e7\u00e3o no volume de frete transportado por causa do efeito Covid. Por um lado, 2020 e 2021 foram anos de menor atividade no transporte de cargas rodovi\u00e1rio, e em contraste, 2022 foi um ano at\u00edpico como resultado de volume represado de cargas durante o per\u00edodo do Covid\u201d, aponta Federico Vega, CEO da Frete.com.<\/p>\n<p>\u201cEm 2023, o volume de carga volta \u00e0 normalidade e \u00e9 mais compar\u00e1vel com o n\u00edvel pr\u00e9-Covid. J\u00e1 em 2024, o incremento no volume de cargas transportadas se explica principalmente pelo bom desempenho do agro e pela oferta e demanda\u201d, explica.<\/p>\n<p>A alta vista no semestre deixa para tr\u00e1s um momento de estabilidade visto nos tr\u00eas primeiros meses do ano, quando os fretes tiveram alta de 0,5%.<\/p>\n<aside class=\"read-too read-too--with-img\">\n<h2 class=\"read-too__title'&gt;Leia Mais&lt;\/h2&gt; &lt;ul class=\" read-too__list=\"\"> <\/h2>\n<li class=\"read-too__list-item\"> <a class=\"read-too__link\" href=\"https:\/\/www.cnnbrasil.com.br\/economia\/macroeconomia\/produtores-de-cana-estimam-prejuizo-de-r-350-milhoes-por-incendios-em-sp\/\" target=\"_self\" rel=\"noopener\"> <picture class=\"read-too__picture\"> <img decoding=\"async\" class=\"read-too__img\" src=\"https:\/\/www.cnnbrasil.com.br\/wp-content\/uploads\/sites\/12\/Reuters_Direct_Media\/BrazilOnlineReportAgribusinessNews\/tagreuters.com2024binary_LYNXMPEK7O07A-FILEDIMAGE.jpg?w=200\" alt=\"Produtores de cana estimam preju\u00edzo de R$ 350 milh\u00f5es por inc\u00eandios em SP\" title=\"Produtores de cana estimam preju\u00edzo de R$ 350 milh\u00f5es por inc\u00eandios em SP'\" loading=\"lazy\"\/> <\/picture>\n<h3 class=\"read-too__post-title\">Produtores de cana estimam preju\u00edzo de R$ 350 milh\u00f5es por inc\u00eandios em SP<\/h3>\n<p> <\/a><\/li>\n<li class=\"read-too__list-item\"> <a class=\"read-too__link\" href=\"https:\/\/www.cnnbrasil.com.br\/economia\/macroeconomia\/industria-dos-eua-defende-amenizacao-de-aumentos-tarifarios-para-produtos-da-china\/\" target=\"_self\" rel=\"noopener\"> <picture class=\"read-too__picture\"> <img decoding=\"async\" class=\"read-too__img\" src=\"https:\/\/www.cnnbrasil.com.br\/wp-content\/uploads\/sites\/12\/Reuters_Direct_Media\/BrazilOnlineReportBusinessNews\/tagreuters.com2023binary_LYNXMPEJ6U0B2-FILEDIMAGE.jpg?w=200\" alt=\"Ind\u00fastria dos EUA defende ameniza\u00e7\u00e3o de aumentos tarif\u00e1rios para produtos da China\" title=\"Ind\u00fastria dos EUA defende ameniza\u00e7\u00e3o de aumentos tarif\u00e1rios para produtos da China'\" loading=\"lazy\"\/> <\/picture>\n<h3 class=\"read-too__post-title\">Ind\u00fastria dos EUA defende ameniza\u00e7\u00e3o de aumentos tarif\u00e1rios para produtos da China<\/h3>\n<p> <\/a><\/li>\n<li class=\"read-too__list-item\"> <a class=\"read-too__link\" href=\"https:\/\/www.cnnbrasil.com.br\/economia\/macroeconomia\/leilao-de-rodovia-da-morte-na-quinta-feira-29-recebe-duas-propostas\/\" target=\"_self\" rel=\"noopener\"> <picture class=\"read-too__picture\"> <img decoding=\"async\" class=\"read-too__img\" src=\"https:\/\/www.cnnbrasil.com.br\/wp-content\/uploads\/sites\/12\/2021\/06\/20210_3D53F59DD1FD77C9-3.jpg?w=200\" alt=\"Leil\u00e3o de &quot;Rodovia da Morte&quot;, na quinta-feira (29), recebe duas propostas\" title=\"Leil\u00e3o de &quot;Rodovia da Morte&quot;, na quinta-feira (29), recebe duas propostas'\" loading=\"lazy\"\/> <\/picture>\n<h3 class=\"read-too__post-title\">Leil\u00e3o de &#8220;Rodovia da Morte&#8221;, na quinta-feira (29), recebe duas propostas<\/h3>\n<p> <\/a><\/li>\n<\/aside>\n<p>\u201cPercebemos que o agroneg\u00f3cio teve bastante dificuldade no in\u00edcio de 2024, por conta de chuvas torrenciais que afetaram diversos estados do Sul e Sudeste, al\u00e9m de ondas de calor que atingiram diversas regi\u00f5es do pa\u00eds, fazendo com que houvesse uma quebra na produ\u00e7\u00e3o\u201d, afirma Vega.<\/p>\n<p>\u201cPor\u00e9m, de outro lado, os fretes da constru\u00e7\u00e3o civil e produtos industrializados ajudaram a manter a estabilidade no trimestre\u201d, conclui o CEO da plataforma.<\/p>\n<h2>Cimento e constru\u00e7\u00e3o civil<\/h2>\n<p>A pesquisa destaca a alta observada nos fretes de cimento, que subiram 34,1% no per\u00edodo. O produto representa 62% dos fretes do setor de constru\u00e7\u00e3o civil registrados na Frete.com.<\/p>\n<p>\u201cO Sindicato Nacional da Ind\u00fastria do Cimento [SNIC] divulgou que o setor produziu 30,6 milh\u00f5es de toneladas de cimento no primeiro semestre de 2024, um crescimento de 1,2% em rela\u00e7\u00e3o ao mesmo per\u00edodo de 2023. Isso demonstra que, mesmo com um cen\u00e1rio econ\u00f4mico incerto, com juros altos e endividamento de fam\u00edlias, o setor de constru\u00e7\u00e3o civil n\u00e3o parou de crescer e deve continuar desta forma nos pr\u00f3ximos meses\u201d, comenta Vega.<\/p>\n<blockquote class=\"wp-embedded-content\" data-secret=\"YLsxyZRyEn\">\n<p><a href=\"https:\/\/stories.cnnbrasil.com.br\/economia\/america-do-sul-lidera-ranking-de-rotas-aereas-com-mais-turbulencias-no-mundo\/\">Am\u00e9rica do Sul lidera com rotas a\u00e9reas mais turbulentas no mundo<\/a><\/p>\n<\/blockquote>\n<p><iframe class=\"wp-embedded-content\" sandbox=\"allow-scripts\" security=\"restricted\" style=\"position: absolute; clip: rect(1px, 1px, 1px, 1px);\" title=\"\u201cAm\u00e9rica do Sul lidera com rotas a\u00e9reas mais turbulentas no mundo\u201d \u2014 Web Stories CNN Brasil\" data-src=\"https:\/\/stories.cnnbrasil.com.br\/economia\/america-do-sul-lidera-ranking-de-rotas-aereas-com-mais-turbulencias-no-mundo\/embed\/#?secret=9kVzhCu7Le#?secret=YLsxyZRyEn\" data-secret=\"YLsxyZRyEn\" width=\"360\" height=\"600\" frameborder=\"0\" marginwidth=\"0\" marginheight=\"0\" scrolling=\"no\"><\/iframe><\/p>\n<\/div>\n<p><br \/>\n<br \/><a href=\"https:\/\/www.cnnbrasil.com.br\/economia\/macroeconomia\/volume-de-fretes-no-pais-sobe-14-no-1o-semestre-com-demanda-de-construcao-civil-aponta-plataforma\/\">Source link <\/a><\/p>\n","protected":false},"excerpt":{"rendered":"<p>O volume de fretes rodovi\u00e1rios realizados no Brasil cresceu 13,9% no primeiro semestre de 2024, em compara\u00e7\u00e3o com o mesmo<\/p>\n","protected":false},"author":1,"featured_media":832,"comment_status":"open","ping_status":"open","sticky":false,"template":"","format":"standard","meta":{"_monsterinsights_skip_tracking":false,"_monsterinsights_sitenote_active":false,"_monsterinsights_sitenote_note":"","_monsterinsights_sitenote_category":0,"_uf_show_specific_survey":0,"_uf_disable_surveys":false,"footnotes":""},"categories":[1],"tags":[],"class_list":["post-831","post","type-post","status-publish","format-standard","has-post-thumbnail","hentry","category-news"],"_links":{"self":[{"href":"https:\/\/agromt.news\/index.php?rest_route=\/wp\/v2\/posts\/831"}],"collection":[{"href":"https:\/\/agromt.news\/index.php?rest_route=\/wp\/v2\/posts"}],"about":[{"href":"https:\/\/agromt.news\/index.php?rest_route=\/wp\/v2\/types\/post"}],"author":[{"embeddable":true,"href":"https:\/\/agromt.news\/index.php?rest_route=\/wp\/v2\/users\/1"}],"replies":[{"embeddable":true,"href":"https:\/\/agromt.news\/index.php?rest_route=%2Fwp%2Fv2%2Fcomments&post=831"}],"version-history":[{"count":0,"href":"https:\/\/agromt.news\/index.php?rest_route=\/wp\/v2\/posts\/831\/revisions"}],"wp:featuredmedia":[{"embeddable":true,"href":"https:\/\/agromt.news\/index.php?rest_route=\/wp\/v2\/media\/832"}],"wp:attachment":[{"href":"https:\/\/agromt.news\/index.php?rest_route=%2Fwp%2Fv2%2Fmedia&parent=831"}],"wp:term":[{"taxonomy":"category","embeddable":true,"href":"https:\/\/agromt.news\/index.php?rest_route=%2Fwp%2Fv2%2Fcategories&post=831"},{"taxonomy":"post_tag","embeddable":true,"href":"https:\/\/agromt.news\/index.php?rest_route=%2Fwp%2Fv2%2Ftags&post=831"}],"curies":[{"name":"wp","href":"https:\/\/api.w.org\/{rel}","templated":true}]}}