{"id":8307,"date":"2025-01-21T16:09:45","date_gmt":"2025-01-21T20:09:45","guid":{"rendered":"https:\/\/agromt.news\/?p=8307"},"modified":"2025-01-21T16:09:45","modified_gmt":"2025-01-21T20:09:45","slug":"a-producao-da-commodity-em-sc","status":"publish","type":"post","link":"https:\/\/agromt.news\/?p=8307","title":{"rendered":"a produ\u00e7\u00e3o da commodity em SC"},"content":{"rendered":"<p> <br \/>\n<br \/><img decoding=\"async\" src=\"https:\/\/agromt.news\/wp-content\/uploads\/2025\/01\/a-producao-da-commodity-em-SC.png\" \/><\/p>\n<div>\n<p>A regi\u00e3o Oeste de Santa Catarina tem se consolidado como uma das maiores <a href=\"https:\/\/www.canalrural.com.br\/agricultura\/projeto-soja-brasil\/\">produtoras <\/a>de soja do Estado, destacando-se pela produtividade crescente e o uso de tecnologias adequadas. Conforme exibido no \u00faltimo epis\u00f3dio do<a href=\"https:\/\/www.youtube.com\/watch?v=N_OE50tdXOk&amp;list=PL8fRHJSOpctgTM-pNV-GjORGCkd7Xlkzp&amp;index=28\"> Programa Soja Brasil<\/a>, mais de 200 mil hectares s\u00e3o cultivados na \u00e1rea, com destaque para a produ\u00e7\u00e3o de sementes e de prote\u00edna, essenciais para a ind\u00fastria de ra\u00e7\u00e3o animal, que utiliza a oleaginosa como mat\u00e9ria-prima.<\/p>\n<p>Pequenos produtores, muitos deles localizados na regi\u00e3o de Chapec\u00f3, t\u00eam obtido bons resultados por meio de manejos simples e eficazes. Desde a d\u00e9cada de 90, o sistema de plantio direto transformou a produtividade da soja, com foco na recupera\u00e7\u00e3o e manuten\u00e7\u00e3o da qualidade do solo, como explica um dos produtores locais. De acordo com a reportagem, a expectativa para a safra deste ano \u00e9 positiva, com o clima colaborando para o bom desenvolvimento das lavouras, e ele espera superar seu pr\u00f3prio recorde de produtividade, que foi de 80,1 sacos por hectare na safra anterior.<\/p>\n<\/div>\n<div>\n<h2 class=\"wp-block-heading\" id=\"h-o-outro-lado-desafio-para-os-produtores-da-soja\">O outro lado: desafio para os produtores da soja<\/h2>\n<p>Apesar do cen\u00e1rio otimista, a colheita da soja, prevista para come\u00e7ar em janeiro, traz um desafio para os produtores: a possibilidade de chuvas durante o per\u00edodo de colheita. O m\u00eas de fevereiro \u00e9 particularmente preocupante, j\u00e1 que historicamente a chuva nesse per\u00edodo pode afetar as lavouras. Em algumas \u00e1reas, as perdas podem chegar a at\u00e9 20 sacos por hectare, o que impacta a rentabilidade dos produtores.<\/p>\n<p>Em meio a esse cen\u00e1rio de desafios clim\u00e1ticos, a press\u00e3o sobre os pre\u00e7os da soja tamb\u00e9m \u00e9 um ponto cr\u00edtico. Muitos produtores afirmam que, para cobrir os custos e garantir a sustentabilidade das atividades, \u00e9 necess\u00e1rio um aumento de 10 a 15% no pre\u00e7o da oleaginosa. A armazenagem da produ\u00e7\u00e3o, especialmente em fevereiro, tamb\u00e9m pode se tornar um problema devido ao volume de soja a ser colhido de uma s\u00f3 vez, sobrecarregando as estruturas de armazenamento.<\/p>\n<\/p><\/div>\n<p><br \/>\n<br \/><a href=\"https:\/\/www.canalrural.com.br\/agricultura\/projeto-soja-brasil\/expedicao-soja-brasil-a-producao-da-commodity-em-sc\/\">Source link <\/a><\/p>\n","protected":false},"excerpt":{"rendered":"<p>A regi\u00e3o Oeste de Santa Catarina tem se consolidado como uma das maiores produtoras de soja do Estado, destacando-se pela<\/p>\n","protected":false},"author":1,"featured_media":8308,"comment_status":"open","ping_status":"open","sticky":false,"template":"","format":"standard","meta":{"_monsterinsights_skip_tracking":false,"_monsterinsights_sitenote_active":false,"_monsterinsights_sitenote_note":"","_monsterinsights_sitenote_category":0,"_uf_show_specific_survey":0,"_uf_disable_surveys":false,"footnotes":""},"categories":[1],"tags":[],"class_list":["post-8307","post","type-post","status-publish","format-standard","has-post-thumbnail","hentry","category-news"],"_links":{"self":[{"href":"https:\/\/agromt.news\/index.php?rest_route=\/wp\/v2\/posts\/8307"}],"collection":[{"href":"https:\/\/agromt.news\/index.php?rest_route=\/wp\/v2\/posts"}],"about":[{"href":"https:\/\/agromt.news\/index.php?rest_route=\/wp\/v2\/types\/post"}],"author":[{"embeddable":true,"href":"https:\/\/agromt.news\/index.php?rest_route=\/wp\/v2\/users\/1"}],"replies":[{"embeddable":true,"href":"https:\/\/agromt.news\/index.php?rest_route=%2Fwp%2Fv2%2Fcomments&post=8307"}],"version-history":[{"count":0,"href":"https:\/\/agromt.news\/index.php?rest_route=\/wp\/v2\/posts\/8307\/revisions"}],"wp:featuredmedia":[{"embeddable":true,"href":"https:\/\/agromt.news\/index.php?rest_route=\/wp\/v2\/media\/8308"}],"wp:attachment":[{"href":"https:\/\/agromt.news\/index.php?rest_route=%2Fwp%2Fv2%2Fmedia&parent=8307"}],"wp:term":[{"taxonomy":"category","embeddable":true,"href":"https:\/\/agromt.news\/index.php?rest_route=%2Fwp%2Fv2%2Fcategories&post=8307"},{"taxonomy":"post_tag","embeddable":true,"href":"https:\/\/agromt.news\/index.php?rest_route=%2Fwp%2Fv2%2Ftags&post=8307"}],"curies":[{"name":"wp","href":"https:\/\/api.w.org\/{rel}","templated":true}]}}