{"id":8305,"date":"2025-01-21T15:39:02","date_gmt":"2025-01-21T19:39:02","guid":{"rendered":"https:\/\/agromt.news\/?p=8305"},"modified":"2025-01-21T15:39:02","modified_gmt":"2025-01-21T19:39:02","slug":"embaixador-andre-correa-do-lago-e-escolhido-para-presidencia-da-cop30","status":"publish","type":"post","link":"https:\/\/agromt.news\/?p=8305","title":{"rendered":"Embaixador Andr\u00e9 Corr\u00eaa do Lago \u00e9 escolhido para presid\u00eancia da COP30"},"content":{"rendered":"<p> <br \/>\n<br \/><img decoding=\"async\" src=\"https:\/\/agromt.news\/wp-content\/uploads\/2025\/01\/Embaixador-Andre-Correa-do-Lago-e-escolhido-para-presidencia-da.png\" \/><\/p>\n<div>\n<p>O embaixador Andr\u00e9 Aranha Corr\u00eaa do Lago ser\u00e1 o presidente da 30\u00aa Confer\u00eancia das Na\u00e7\u00f5es Unidas sobre Mudan\u00e7a do Clima <strong><a href=\"https:\/\/www.canalrural.com.br\/cop30\/\">(COP30)<\/a><\/strong>, prevista para ocorrer em novembro, em Bel\u00e9m (PA).<\/p>\n<p>Ele \u00e9 o secret\u00e1rio de Clima, Energia e Meio Ambiente do Minist\u00e9rio das Rela\u00e7\u00f5es Exteriores e ter\u00e1 a miss\u00e3o de conduzir as negocia\u00e7\u00f5es para o acordo global sobre o tema.<\/p>\n<p>A secret\u00e1ria nacional de Mudan\u00e7a do Clima do Minist\u00e9rio do Meio Ambiente e Mudan\u00e7a do Clima (MMA), Ana Toni, ser\u00e1 a diretora-executiva da COP30.<\/p>\n<p>O an\u00fancio foi feito pelas ministras do Meio Ambiente, Marina Silva, e das Rela\u00e7\u00f5es Exteriores substituta, Maria Laura da Rocha, ap\u00f3s reuni\u00e3o com o presidente Luiz In\u00e1cio Lula da Silva, no Pal\u00e1cio do Planalto.<\/p>\n<p>\u201cEssas duas posi\u00e7\u00f5es s\u00e3o fundamentais e estrat\u00e9gicas na parte de conte\u00fado, negocia\u00e7\u00e3o e lideran\u00e7a de todo o processo da COP\u201d, disse Marina. J\u00e1 as quest\u00f5es de log\u00edstica e infraestrutura est\u00e3o a cargo da Casa Civil da Presid\u00eancia da Rep\u00fablica.<\/p>\n<p>Corr\u00eaa do Lago tem experi\u00eancia em temas de meio ambiente, desenvolvimento sustent\u00e1vel e mudan\u00e7a do clima e foi o negociador-chefe do Brasil em f\u00f3runs internacionais sobre o tema entre 2011 e 2013 e em 2023 e 2024.<\/p>\n<p>Ana Toni tem longa trajet\u00f3ria direcionada ao fomento de projetos e pol\u00edticas p\u00fablicas voltadas \u00e0 justi\u00e7a social, meio ambiente e mudan\u00e7a do clima.<\/p>\n<p>Os dois integraram ativamente a\u00a0delega\u00e7\u00e3o oficial brasileira da COP29, realizada em novembro de 2024, em Baku, no Azerbaij\u00e3o.<\/p>\n<p>Em entrevista \u00e0 imprensa, o embaixador agradeceu a confian\u00e7a do presidente Lula e disse que o Brasil pode ter um \u201cpapel incr\u00edvel\u201d na COP deste ano, que, segundo ele, ser\u00e1 constru\u00edda com diversos atores \u2013 governo, sociedade civil e empresariado.<\/p>\n<\/div>\n<div>\n<p>Corr\u00eaa do Lago garantiu que a participa\u00e7\u00e3o das popula\u00e7\u00f5es da Amaz\u00f4nia, onde ocorrer\u00e1 a confer\u00eancia, \u00e9 \u201cabsolutamente essencial\u201d:<\/p>\n<blockquote class=\"wp-block-quote is-layout-flow wp-block-quote-is-layout-flow\">\n<p>\u201cA COP tem v\u00e1rias dimens\u00f5es, ela vai ter uma imensa dimens\u00e3o para o pr\u00f3prio Brasil, como a RIO-92 [Confer\u00eancia das Na\u00e7\u00f5es Unidas sobre o Meio Ambiente e o Desenvolvimento, no Rio de Janeiro, em 1992] teve um impacto muito grande sobre a maneira como o brasileiro percebeu a mudan\u00e7a do clima, percebeu o meio ambiente, percebeu a biodiversidade. Ent\u00e3o tem uma dimens\u00e3o nacional extremamente importante.\u201d<\/p>\n<\/blockquote>\n<p>\u201cDurante esse per\u00edodo preparat\u00f3rio n\u00f3s vamos ter muito di\u00e1logo com a sociedade civil porque \u00e9 essencial que eles estejam envolvidos no processo. Porque, como na RIO-92 s\u00e3o as popula\u00e7\u00f5es que tem que acreditar nessa agenda [de combate \u00e0 mudan\u00e7as do clima] e que tem que contribuir para que essa agenda d\u00ea certo\u201d, acrescentou o embaixador.<\/p>\n<p>Embora a presid\u00eancia formal da COP permane\u00e7a sob a responsabilidade do Azerbaij\u00e3o at\u00e9 a abertura oficial do evento em novembro, caber\u00e1 desde j\u00e1 ao Brasil, como presid\u00eancia designada, liderar os esfor\u00e7os para o \u00eaxito das negocia\u00e7\u00f5es, promovendo o di\u00e1logo entre pa\u00edses e demais partes interessadas.<\/p>\n<h2 class=\"wp-block-heading\" id=\"h-estados-unidos\">Estados Unidos<\/h2>\n<p>Corr\u00eaa do Lago foi questionado sobre o esvaziamento da COP30 com a sa\u00edda dos Estados Unidos do Acordo de Paris, tratado internacional adotado em 2015 sobre mitiga\u00e7\u00e3o, adapta\u00e7\u00e3o e financiamento do combate \u00e0s mudan\u00e7as clim\u00e1ticas.<\/p>\n<p>Ele esclareceu que o pa\u00eds norte-americano deixou o acordo mas continua signat\u00e1rio da Conven\u00e7\u00e3o das Na\u00e7\u00f5es Unidas sobre a Mudan\u00e7a do Clima.<\/p>\n<p>\u201cH\u00e1 v\u00e1rios canais que permanecem abertos, mas n\u00e3o h\u00e1 a menor d\u00favida de que \u00e9 um an\u00fancio pol\u00edtico de muito impacto\u201d, disse sobre a decis\u00e3o do novo presidente do Estados Unidos, Donald Trump.<\/p>\n<p>\u201cOs Estados Unidos \u00e9 um ator essencial, porque n\u00e3o s\u00f3 \u00e9 a maior economia, mas \u00e9 tamb\u00e9m um dos maiores emissores [de gases de efeito estufa], um dos pa\u00edses que t\u00eam trazido respostas \u00e0 mudan\u00e7a do clima, com tecnologia. Os Estados Unidos t\u00eam empresas extraordin\u00e1rias e tamb\u00e9m t\u00eam v\u00e1rios estados americanos, cidades americanas que est\u00e3o muito envolvidos nesse debate\u201d, explicou.<\/p>\n<p>\u201cEstamos todos ainda analisando as decis\u00f5es do presidente Trump, mas n\u00e3o h\u00e1 a menor d\u00favida de que ter\u00e1 um impacto significativo na prepara\u00e7\u00e3o da COP e na maneira como n\u00f3s vamos ter que lidar com o fato de um pa\u00eds t\u00e3o importante estar se desligando desse processo\u201d, complementou.<\/p>\n<\/p><\/div>\n<p><br \/>\n<br \/><a href=\"https:\/\/www.canalrural.com.br\/cop30\/embaixador-andre-correa-do-lago-e-escolhido-para-presidencia-da-cop30\/\">Source link <\/a><\/p>\n","protected":false},"excerpt":{"rendered":"<p>O embaixador Andr\u00e9 Aranha Corr\u00eaa do Lago ser\u00e1 o presidente da 30\u00aa Confer\u00eancia das Na\u00e7\u00f5es Unidas sobre Mudan\u00e7a do Clima<\/p>\n","protected":false},"author":1,"featured_media":8306,"comment_status":"open","ping_status":"open","sticky":false,"template":"","format":"standard","meta":{"_monsterinsights_skip_tracking":false,"_monsterinsights_sitenote_active":false,"_monsterinsights_sitenote_note":"","_monsterinsights_sitenote_category":0,"_uf_show_specific_survey":0,"_uf_disable_surveys":false,"footnotes":""},"categories":[1],"tags":[],"class_list":["post-8305","post","type-post","status-publish","format-standard","has-post-thumbnail","hentry","category-news"],"_links":{"self":[{"href":"https:\/\/agromt.news\/index.php?rest_route=\/wp\/v2\/posts\/8305"}],"collection":[{"href":"https:\/\/agromt.news\/index.php?rest_route=\/wp\/v2\/posts"}],"about":[{"href":"https:\/\/agromt.news\/index.php?rest_route=\/wp\/v2\/types\/post"}],"author":[{"embeddable":true,"href":"https:\/\/agromt.news\/index.php?rest_route=\/wp\/v2\/users\/1"}],"replies":[{"embeddable":true,"href":"https:\/\/agromt.news\/index.php?rest_route=%2Fwp%2Fv2%2Fcomments&post=8305"}],"version-history":[{"count":0,"href":"https:\/\/agromt.news\/index.php?rest_route=\/wp\/v2\/posts\/8305\/revisions"}],"wp:featuredmedia":[{"embeddable":true,"href":"https:\/\/agromt.news\/index.php?rest_route=\/wp\/v2\/media\/8306"}],"wp:attachment":[{"href":"https:\/\/agromt.news\/index.php?rest_route=%2Fwp%2Fv2%2Fmedia&parent=8305"}],"wp:term":[{"taxonomy":"category","embeddable":true,"href":"https:\/\/agromt.news\/index.php?rest_route=%2Fwp%2Fv2%2Fcategories&post=8305"},{"taxonomy":"post_tag","embeddable":true,"href":"https:\/\/agromt.news\/index.php?rest_route=%2Fwp%2Fv2%2Ftags&post=8305"}],"curies":[{"name":"wp","href":"https:\/\/api.w.org\/{rel}","templated":true}]}}