{"id":829,"date":"2024-08-27T06:39:54","date_gmt":"2024-08-27T10:39:54","guid":{"rendered":"https:\/\/agromt.news\/?p=829"},"modified":"2024-08-27T06:39:54","modified_gmt":"2024-08-27T10:39:54","slug":"geada-abaixa-as-temperaturas-no-sul-confira-a-previsao-do-tempo-de-hoje","status":"publish","type":"post","link":"https:\/\/agromt.news\/?p=829","title":{"rendered":"Geada abaixa as temperaturas no Sul; confira a previs\u00e3o do tempo de hoje"},"content":{"rendered":"<p> <br \/>\n<\/p>\n<div>\n<figure><img decoding=\"async\" src=\"https:\/\/agromt.news\/wp-content\/uploads\/2024\/08\/Geada-abaixa-as-temperaturas-no-Sul-confira-a-previsao-do.jpeg\" alt=\"frio\" \/><figcaption>Foto: Mycchel Legnaghi<\/figcaption><\/figure>\n<\/div>\n<p>Veja como fica o clima nesta ter\u00e7a-feira (27) em todas as regi\u00f5es:<\/p>\n<h2 class=\"wp-block-heading\" id=\"h-sul\"><strong>Sul<\/strong><\/h2>\n<ul class=\"wp-block-list\">\n<li>Geada prevista no sul do Paran\u00e1, meio-oeste, norte e sul de Santa Catarina, Serra e Vales do Rio Grande do Sul, e na Campanha ga\u00facha.<\/li>\n<li>Dia de sol em toda a regi\u00e3o, mas com temperaturas baixas \u00e0 tarde.<\/li>\n<li>Possibilidade de <a href=\"https:\/\/www.canalrural.com.br\/tag\/chuva\/\">garoa<\/a> pela manh\u00e3 no leste do Rio Grande do Sul.<\/li>\n<li>Capitais com tempo firme e ar voltando a ficar mais seco no norte do Paran\u00e1.<\/li>\n<\/ul>\n<h2 class=\"wp-block-heading\" id=\"h-sudeste\"><strong>Sudeste<\/strong><\/h2>\n<ul class=\"wp-block-list\">\n<li>Amanhecer frio, com risco de geada pontual no sul de Minas Gerais e no Vale do Para\u00edba, em S\u00e3o Paulo.<\/li>\n<li>Possibilidade de geada pontual em Campos do Jord\u00e3o.<\/li>\n<li>Chuva fraca pela manh\u00e3 no litoral paulista, Rio de Janeiro e Zona da Mata devido \u00e0 umidade transportada pela circula\u00e7\u00e3o atmosf\u00e9rica.<\/li>\n<li>Dia de sol, temperaturas mais amenas em S\u00e3o Paulo e Rio de Janeiro, sem previs\u00e3o de chuva.<\/li>\n<li>Tempo firme nas demais \u00e1reas.<\/li>\n<\/ul>\n<h2 class=\"wp-block-heading\" id=\"h-centro-oeste\"><strong>Centro-Oeste<\/strong><\/h2>\n<ul class=\"wp-block-list\">\n<li>Amanhecer um pouco mais frio no sul de Mato Grosso do Sul e em cidades do sul de Mato Grosso.<\/li>\n<li>Com a presen\u00e7a do sol, as temperaturas m\u00e1ximas devem subir ao longo do dia.<\/li>\n<li>Dia de sol, c\u00e9u praticamente sem nuvens e umidade do ar voltando a n\u00edveis baixos.<\/li>\n<li>Sem previs\u00e3o de chuva em toda a regi\u00e3o.<\/li>\n<\/ul>\n<h2 class=\"wp-block-heading\" id=\"h-nordeste\"><strong>Nordeste<\/strong><\/h2>\n<ul class=\"wp-block-list\">\n<li>Frente fria alcan\u00e7a o litoral sul da Bahia, aumentando a quantidade de nuvens em Porto Seguro e no extremo sul baiano, com chance de pancadas de chuva a qualquer momento.<\/li>\n<li>Sol com chuva passageira em Salvador, Recife e Macei\u00f3.<\/li>\n<li>Chuva em forma de pancadas \u00e0 tarde no norte e litoral do Maranh\u00e3o.<\/li>\n<li>Tempo firme, seco e calor nas demais \u00e1reas.<\/li>\n<\/ul>\n<h2 class=\"wp-block-heading\" id=\"h-norte\"><strong>Norte<\/strong><\/h2>\n<ul class=\"wp-block-list\">\n<li>Muitas nuvens e possibilidade de chuva a qualquer momento no noroeste do Amazonas e no oeste de Roraima.<\/li>\n<li>Dia abafado com sol, calor e pancadas de chuva \u00e0 tarde em Manaus, Macap\u00e1 e Bel\u00e9m.<\/li>\n<li>Tempo firme no Tocantins, Rond\u00f4nia e no Acre.<\/li>\n<\/ul>\n<p>O post <a href=\"https:\/\/www.canalrural.com.br\/tempo\/geada-abaixa-as-temperaturas-no-sul-confira-a-previsao-do-tempo-de-hoje\/\">Geada abaixa as temperaturas no Sul; confira a previs\u00e3o do tempo de hoje<\/a> apareceu primeiro em <a href=\"https:\/\/www.canalrural.com.br\">Canal Rural<\/a>.<\/p>\n<p><br \/>\n<br \/><a href=\"https:\/\/www.canalrural.com.br\/tempo\/geada-abaixa-as-temperaturas-no-sul-confira-a-previsao-do-tempo-de-hoje\/\">Source link <\/a><\/p>\n","protected":false},"excerpt":{"rendered":"<p>Foto: Mycchel Legnaghi Veja como fica o clima nesta ter\u00e7a-feira (27) em todas as regi\u00f5es: Sul Geada prevista no sul<\/p>\n","protected":false},"author":1,"featured_media":830,"comment_status":"open","ping_status":"open","sticky":false,"template":"","format":"standard","meta":{"_monsterinsights_skip_tracking":false,"_monsterinsights_sitenote_active":false,"_monsterinsights_sitenote_note":"","_monsterinsights_sitenote_category":0,"_uf_show_specific_survey":0,"_uf_disable_surveys":false,"footnotes":""},"categories":[1],"tags":[],"class_list":["post-829","post","type-post","status-publish","format-standard","has-post-thumbnail","hentry","category-news"],"_links":{"self":[{"href":"https:\/\/agromt.news\/index.php?rest_route=\/wp\/v2\/posts\/829"}],"collection":[{"href":"https:\/\/agromt.news\/index.php?rest_route=\/wp\/v2\/posts"}],"about":[{"href":"https:\/\/agromt.news\/index.php?rest_route=\/wp\/v2\/types\/post"}],"author":[{"embeddable":true,"href":"https:\/\/agromt.news\/index.php?rest_route=\/wp\/v2\/users\/1"}],"replies":[{"embeddable":true,"href":"https:\/\/agromt.news\/index.php?rest_route=%2Fwp%2Fv2%2Fcomments&post=829"}],"version-history":[{"count":0,"href":"https:\/\/agromt.news\/index.php?rest_route=\/wp\/v2\/posts\/829\/revisions"}],"wp:featuredmedia":[{"embeddable":true,"href":"https:\/\/agromt.news\/index.php?rest_route=\/wp\/v2\/media\/830"}],"wp:attachment":[{"href":"https:\/\/agromt.news\/index.php?rest_route=%2Fwp%2Fv2%2Fmedia&parent=829"}],"wp:term":[{"taxonomy":"category","embeddable":true,"href":"https:\/\/agromt.news\/index.php?rest_route=%2Fwp%2Fv2%2Fcategories&post=829"},{"taxonomy":"post_tag","embeddable":true,"href":"https:\/\/agromt.news\/index.php?rest_route=%2Fwp%2Fv2%2Ftags&post=829"}],"curies":[{"name":"wp","href":"https:\/\/api.w.org\/{rel}","templated":true}]}}