{"id":823,"date":"2024-08-27T00:03:35","date_gmt":"2024-08-27T04:03:35","guid":{"rendered":"https:\/\/agromt.news\/?p=823"},"modified":"2024-08-27T00:03:35","modified_gmt":"2024-08-27T04:03:35","slug":"queimadas-foram-causadas-por-condicoes-climaticas-raras-e-despreparo-diz-especialista-a-cnn","status":"publish","type":"post","link":"https:\/\/agromt.news\/?p=823","title":{"rendered":"Queimadas foram causadas por condi\u00e7\u00f5es clim\u00e1ticas raras e despreparo, diz especialista \u00e0 CNN"},"content":{"rendered":"<p> <br \/>\n<\/p>\n<div>\n<p>As recentes queimadas que assolaram o Brasil foram resultado de uma combina\u00e7\u00e3o incomum de condi\u00e7\u00f5es clim\u00e1ticas extremas e falta de preparo dos agricultores, segundo Caio Carvalho, presidente da Associa\u00e7\u00e3o Brasileira do Agroneg\u00f3cio.<\/p>\n<p>Em entrevista ao <strong>WW<\/strong>, o especialista detalhou os fatores que contribu\u00edram para a propaga\u00e7\u00e3o dos inc\u00eandios em larga escala.<\/p>\n<p>De acordo com Carvalho, o cen\u00e1rio prop\u00edcio para as queimadas foi criado por uma seca prolongada, aliada a temperaturas excepcionalmente elevadas.<\/p>\n<aside class=\"read-too read-too--with-img\">\n<h2 class=\"read-too__title'&gt;Leia Mais&lt;\/h2&gt; &lt;ul class=\" read-too__list=\"\"> <\/h2>\n<li class=\"read-too__list-item\"> <a class=\"read-too__link\" href=\"https:\/\/www.cnnbrasil.com.br\/blogs\/caio-junqueira\/nacional\/analise-governos-nao-se-prepararam-para-queimadas\/\" target=\"_self\" rel=\"noopener\"> <picture class=\"read-too__picture\"> <img decoding=\"async\" class=\"read-too__img\" src=\"https:\/\/www.cnnbrasil.com.br\/wp-content\/uploads\/sites\/12\/2024\/08\/FTA20240825088.jpg?w=200\" alt=\"An\u00e1lise: Governos n\u00e3o se prepararam para queimadas\" title=\"An\u00e1lise: Governos n\u00e3o se prepararam para queimadas'\" loading=\"lazy\"\/> <\/picture>\n<h3 class=\"read-too__post-title\">An\u00e1lise: Governos n\u00e3o se prepararam para queimadas<\/h3>\n<p> <\/a><\/li>\n<li class=\"read-too__list-item\"> <a class=\"read-too__link\" href=\"https:\/\/www.cnnbrasil.com.br\/economia\/negocios\/sao-martino-e-raizen-informam-estimativas-de-impacto-dos-incendios-na-producao-de-cana\/\" target=\"_self\" rel=\"noopener\"> <picture class=\"read-too__picture\"> <img decoding=\"async\" class=\"read-too__img\" src=\"https:\/\/www.cnnbrasil.com.br\/wp-content\/uploads\/sites\/12\/Reuters_Direct_Media\/BrazilOnlineReportAgribusinessNews\/tagreuters.com2024binary_LYNXMPEK7Q007-FILEDIMAGE.jpg?w=200\" alt=\"S\u00e3o Martino e Ra\u00edzen informam estimativas de impacto dos inc\u00eandios na produ\u00e7\u00e3o de cana\" title=\"S\u00e3o Martino e Ra\u00edzen informam estimativas de impacto dos inc\u00eandios na produ\u00e7\u00e3o de cana'\" loading=\"lazy\"\/> <\/picture>\n<h3 class=\"read-too__post-title\">S\u00e3o Martino e Ra\u00edzen informam estimativas de impacto dos inc\u00eandios na produ\u00e7\u00e3o de cana<\/h3>\n<p> <\/a><\/li>\n<li class=\"read-too__list-item\"> <a class=\"read-too__link\" href=\"https:\/\/www.cnnbrasil.com.br\/nacional\/saiba-quais-sao-os-estados-que-mais-registraram-focos-de-queimadas-em-2024\/\" target=\"_self\" rel=\"noopener\"> <picture class=\"read-too__picture\"> <img decoding=\"async\" class=\"read-too__img\" src=\"https:\/\/www.cnnbrasil.com.br\/wp-content\/uploads\/sites\/12\/2024\/08\/FTA20240825085.jpg?w=200\" alt=\"Saiba quais s\u00e3o os estados que mais registraram focos de queimadas em 2024\" title=\"Saiba quais s\u00e3o os estados que mais registraram focos de queimadas em 2024'\" loading=\"lazy\"\/> <\/picture>\n<h3 class=\"read-too__post-title\">Saiba quais s\u00e3o os estados que mais registraram focos de queimadas em 2024<\/h3>\n<p> <\/a><\/li>\n<\/aside>\n<p>\u201cHavia, digamos, condi\u00e7\u00f5es para, obviamente, aquilo poder ser um barril de p\u00f3lvora\u201d, explicou o presidente da associa\u00e7\u00e3o.<\/p>\n<h2>Setor canavieiro: o mais afetado<\/h2>\n<p>O setor canavieiro, que foi o mais atingido pelas queimadas, normalmente est\u00e1 mais preparado para o controle de inc\u00eandios, uma vez que situa\u00e7\u00f5es similares j\u00e1 ocorreram em anos anteriores.<\/p>\n<p>No entanto, a magnitude dos eventos recentes superou a capacidade de resposta.<\/p>\n<p>Carvalho destacou um momento cr\u00edtico: \u201c\u00c0s 13h30, na sexta-feira, come\u00e7am a estourar focos, mais de 20 focos de cara e que v\u00e3o se alastrando\u201d.<\/p>\n<p>A r\u00e1pida propaga\u00e7\u00e3o, impulsionada por ventos fort\u00edssimos, dificultou significativamente os esfor\u00e7os de controle.<\/p>\n<h2>Despreparo frente a condi\u00e7\u00f5es extremas<\/h2>\n<p>O presidente da Associa\u00e7\u00e3o Brasileira do Agroneg\u00f3cio enfatizou que a conjuga\u00e7\u00e3o de fatores clim\u00e1ticos extremos com uma estrutura despreparada para lidar com problemas dessa magnitude resultou na situa\u00e7\u00e3o calamitosa observada.<\/p>\n<p>\u201c\u00c9 uma conjuga\u00e7\u00e3o, digamos assim, de uma situa\u00e7\u00e3o clim\u00e1tica extrema, vamos dizer assim, juntamente com uma estrutura que n\u00e3o estava preparada para esse tamanho de problema\u201d, concluiu Carvalho.<\/p>\n<p>A an\u00e1lise do especialista sugere a necessidade de uma revis\u00e3o nas estrat\u00e9gias de preven\u00e7\u00e3o e combate a inc\u00eandios no setor agr\u00edcola, especialmente diante das mudan\u00e7as clim\u00e1ticas que podem tornar eventos extremos mais frequentes no futuro.<\/p>\n<div class=\"disclaimer__ai\"> <em>Os textos gerados por intelig\u00eancia artificial na <strong>CNN Brasil<\/strong>\u00a0s\u00e3o feitos com base nos cortes de v\u00eddeos dos jornais de sua programa\u00e7\u00e3o. Todas as informa\u00e7\u00f5es s\u00e3o apuradas e checadas por jornalistas. O texto final tamb\u00e9m passa pela revis\u00e3o da equipe de jornalismo da\u00a0<strong>CNN<\/strong>.\u00a0<a href=\"https:\/\/www.cnnbrasil.com.br\/nacional\/saiba-como-a-cnn-brasil-utiliza-as-ferramentas-de-inteligencia-artificial\/\" target=\"_blank\" rel=\"noopener\">Clique aqui para saber mais<\/a>.<\/em><\/div>\n<\/div>\n<p><br \/>\n<br \/><a href=\"https:\/\/www.cnnbrasil.com.br\/nacional\/queimadas-foram-causadas-por-condicoes-climaticas-raras-e-despreparo-diz-especialista-a-cnn\/\">Source link <\/a><\/p>\n","protected":false},"excerpt":{"rendered":"<p>As recentes queimadas que assolaram o Brasil foram resultado de uma combina\u00e7\u00e3o incomum de condi\u00e7\u00f5es clim\u00e1ticas extremas e falta de<\/p>\n","protected":false},"author":1,"featured_media":824,"comment_status":"open","ping_status":"open","sticky":false,"template":"","format":"standard","meta":{"_monsterinsights_skip_tracking":false,"_monsterinsights_sitenote_active":false,"_monsterinsights_sitenote_note":"","_monsterinsights_sitenote_category":0,"_uf_show_specific_survey":0,"_uf_disable_surveys":false,"footnotes":""},"categories":[1],"tags":[],"class_list":["post-823","post","type-post","status-publish","format-standard","has-post-thumbnail","hentry","category-news"],"_links":{"self":[{"href":"https:\/\/agromt.news\/index.php?rest_route=\/wp\/v2\/posts\/823"}],"collection":[{"href":"https:\/\/agromt.news\/index.php?rest_route=\/wp\/v2\/posts"}],"about":[{"href":"https:\/\/agromt.news\/index.php?rest_route=\/wp\/v2\/types\/post"}],"author":[{"embeddable":true,"href":"https:\/\/agromt.news\/index.php?rest_route=\/wp\/v2\/users\/1"}],"replies":[{"embeddable":true,"href":"https:\/\/agromt.news\/index.php?rest_route=%2Fwp%2Fv2%2Fcomments&post=823"}],"version-history":[{"count":0,"href":"https:\/\/agromt.news\/index.php?rest_route=\/wp\/v2\/posts\/823\/revisions"}],"wp:featuredmedia":[{"embeddable":true,"href":"https:\/\/agromt.news\/index.php?rest_route=\/wp\/v2\/media\/824"}],"wp:attachment":[{"href":"https:\/\/agromt.news\/index.php?rest_route=%2Fwp%2Fv2%2Fmedia&parent=823"}],"wp:term":[{"taxonomy":"category","embeddable":true,"href":"https:\/\/agromt.news\/index.php?rest_route=%2Fwp%2Fv2%2Fcategories&post=823"},{"taxonomy":"post_tag","embeddable":true,"href":"https:\/\/agromt.news\/index.php?rest_route=%2Fwp%2Fv2%2Ftags&post=823"}],"curies":[{"name":"wp","href":"https:\/\/api.w.org\/{rel}","templated":true}]}}