{"id":8207,"date":"2025-01-20T01:52:11","date_gmt":"2025-01-20T05:52:11","guid":{"rendered":"https:\/\/agromt.news\/?p=8207"},"modified":"2025-01-20T01:52:11","modified_gmt":"2025-01-20T05:52:11","slug":"precos-sobem-no-mercado-do-frango-ave-no-atacado-paulista-tem-elevacao-de-185","status":"publish","type":"post","link":"https:\/\/agromt.news\/?p=8207","title":{"rendered":"Pre\u00e7os sobem no mercado do frango; ave no atacado paulista tem eleva\u00e7\u00e3o de 1,85%"},"content":{"rendered":"<p> <br \/>\n<\/p>\n<div>\n<div class=\"materia\">\n<p><img decoding=\"async\" alt=\"Logotipo Not&#xED;cias Agr&#xED;colas\" height=\"21\" src=\"https:\/\/cdn.noticiasagricolas.com.br\/dbimagens\/e12363a00741f9cc7caf23469101a4aa.png\" width=\"106\"\/><\/p>\n<p>Pre\u00e7os em alta encerraram a sexta-feira (3) para o mercado do frango. Informa\u00e7\u00f5es do Cepea d\u00e3o conta de que o per\u00edodo de festas de fim de ano aqueceu a demanda pela prote\u00edna e, consequentemente, intensificou a busca de frigor\u00edficos por novos lotes de animal vivo.\u00a0<\/p>\n<p>De acordo com a Scot Consultoria, o valor do frango na granja em S\u00e3o Paulo ficou est\u00e1vel, custando, em m\u00e9dia, R$ 5,60\/kg, enquanto o frango no atacado subiu 1,85%, custando, em m\u00e9dia, R$ 8,25\/kg.<\/p>\n<p>No caso do animal vivo, o pre\u00e7o n\u00e3o mudou no Paran\u00e1, cotado a R$ 4,60\/kg, assim como em Santa Catarina, com valor de R$ 4,56\/kg.<\/p>\n<p>Conforme informa\u00e7\u00f5es do Cepea\/Esalq,Vivo, referentes \u00e0 quinta-feira (2), a ave congelada teve leve alta de 0,60%, chegando a R$ 8,42\/kg, enquanto o frango resfriado subiu 0,48%, fechando em R$ 8,34\/kg.<br \/>\u00a0<\/p>\n<\/p><\/div>\n<div class=\"grupo-whatsapp\">\n      J\u00e1 segue nosso Canal oficial no WhatsApp? <a href=\"https:\/\/bit.ly\/Canal_NA\" target=\"_blank\" rel=\"noopener\"><strong>Clique Aqui<\/strong><\/a> para receber em primeira m\u00e3o as principais not\u00edcias do agroneg\u00f3cio\n    <\/div>\n<div class=\"fonte\">\n<p>Fonte:<\/p>\n<p>                  <span>Not\u00edcias Agr\u00edcolas<\/span>\n              <\/div>\n<\/p><\/div>\n<p><script async defer src=\"https:\/\/connect.facebook.net\/en_US\/sdk.js\" type=\"c1d217dd2e27b69bb1bb5fcd-text\/javascript\"><\/script><script type=\"c1d217dd2e27b69bb1bb5fcd-text\/javascript\">\n  !function(f,b,e,v,n,t,s)\n  {if(f.fbq)return;n=f.fbq=function(){n.callMethod?\n    n.callMethod.apply(n,arguments):n.queue.push(arguments)};\n    if(!f._fbq)f._fbq=n;n.push=n;n.loaded=!0;n.version='2.0';\n    n.queue=[];t=b.createElement(e);t.async=!0;\n    t.src=v;s=b.getElementsByTagName(e)[0];\n    s.parentNode.insertBefore(t,s)}(window, document,'script',\n    'https:\/\/connect.facebook.net\/en_US\/fbevents.js');\n  fbq('init', '153495679422335');\n  fbq('track', 'PageView');\n<\/script><br \/>\n<br \/><br \/>\n<br \/><a href=\"https:\/\/www.noticiasagricolas.com.br\/noticias\/granjeiros\/391614-precos-sobem-no-mercado-do-frango-ave-no-atacado-paulista-tem-elevacao-de-1-85.html\">Source link <\/a><\/p>\n","protected":false},"excerpt":{"rendered":"<p>Pre\u00e7os em alta encerraram a sexta-feira (3) para o mercado do frango. Informa\u00e7\u00f5es do Cepea d\u00e3o conta de que o<\/p>\n","protected":false},"author":1,"featured_media":8208,"comment_status":"open","ping_status":"open","sticky":false,"template":"","format":"standard","meta":{"_monsterinsights_skip_tracking":false,"_monsterinsights_sitenote_active":false,"_monsterinsights_sitenote_note":"","_monsterinsights_sitenote_category":0,"_uf_show_specific_survey":0,"_uf_disable_surveys":false,"footnotes":""},"categories":[8,1,14,16],"tags":[],"class_list":["post-8207","post","type-post","status-publish","format-standard","has-post-thumbnail","hentry","category-agro","category-news","category-politica-agro","category-safra"],"_links":{"self":[{"href":"https:\/\/agromt.news\/index.php?rest_route=\/wp\/v2\/posts\/8207"}],"collection":[{"href":"https:\/\/agromt.news\/index.php?rest_route=\/wp\/v2\/posts"}],"about":[{"href":"https:\/\/agromt.news\/index.php?rest_route=\/wp\/v2\/types\/post"}],"author":[{"embeddable":true,"href":"https:\/\/agromt.news\/index.php?rest_route=\/wp\/v2\/users\/1"}],"replies":[{"embeddable":true,"href":"https:\/\/agromt.news\/index.php?rest_route=%2Fwp%2Fv2%2Fcomments&post=8207"}],"version-history":[{"count":0,"href":"https:\/\/agromt.news\/index.php?rest_route=\/wp\/v2\/posts\/8207\/revisions"}],"wp:featuredmedia":[{"embeddable":true,"href":"https:\/\/agromt.news\/index.php?rest_route=\/wp\/v2\/media\/8208"}],"wp:attachment":[{"href":"https:\/\/agromt.news\/index.php?rest_route=%2Fwp%2Fv2%2Fmedia&parent=8207"}],"wp:term":[{"taxonomy":"category","embeddable":true,"href":"https:\/\/agromt.news\/index.php?rest_route=%2Fwp%2Fv2%2Fcategories&post=8207"},{"taxonomy":"post_tag","embeddable":true,"href":"https:\/\/agromt.news\/index.php?rest_route=%2Fwp%2Fv2%2Ftags&post=8207"}],"curies":[{"name":"wp","href":"https:\/\/api.w.org\/{rel}","templated":true}]}}