{"id":8200,"date":"2025-01-19T17:31:54","date_gmt":"2025-01-19T21:31:54","guid":{"rendered":"https:\/\/agromt.news\/?p=8200"},"modified":"2025-01-19T17:31:54","modified_gmt":"2025-01-19T21:31:54","slug":"certificacao-de-origem-de-cafe-mais-do-que-dobra-no-cerrado-mineiro","status":"publish","type":"post","link":"https:\/\/agromt.news\/?p=8200","title":{"rendered":"Certifica\u00e7\u00e3o de origem de caf\u00e9 mais do que dobra no Cerrado Mineiro"},"content":{"rendered":"<p> <br \/>\n<br \/><img decoding=\"async\" src=\"https:\/\/agromt.news\/wp-content\/uploads\/2024\/12\/acompanhando-robusta-em-Londres-NY-registra-precos-mais-baixos.jpg\" \/><\/p>\n<div>\n<p>A regi\u00e3o do Cerrado Mineiro registrou em 2024 um crescimento expressivo de 160% no n\u00famero de sacas certificadas de caf\u00e9 com o selo de <strong><a href=\"http:\/\/www.canalrural.com.br\/tag\/denominacao-de-origem\/\">Denomina\u00e7\u00e3o de Origem<\/a><\/strong> (DO). O volume saltou de 115 mil sacas de 60 kg em 2023 para aproximadamente 300,5 mil sacas no ano passado. <\/p>\n<p>O diretor-executivo da Federa\u00e7\u00e3o dos Cafeicultores do Cerrado, Juliano Tarabal, disse em comunicado que o avan\u00e7o \u00e9 resultado de uma s\u00e9rie de medidas estrat\u00e9gicas e inovadoras adotadas para ampliar o controle da origem e a rastreabilidade dos caf\u00e9s da regi\u00e3o, aprimorar o processo de certifica\u00e7\u00e3o e promover a marca da Regi\u00e3o do Cerrado Mineiro. <\/p>\n<\/div>\n<div>\n<p>\u201cEntre as mudan\u00e7as, est\u00e3o a viabiliza\u00e7\u00e3o da certifica\u00e7\u00e3o de caf\u00e9s em bica corrida nas cooperativas, a implementa\u00e7\u00e3o de normas que asseguram a certifica\u00e7\u00e3o de todos os caf\u00e9s com pontua\u00e7\u00e3o acima de 80 pontos e a continuidade da rastreabilidade em armaz\u00e9ns fora da \u00e1rea demarcada da regi\u00e3o. Al\u00e9m disso, foi institu\u00eddo o envio autom\u00e1tico do certificado e do laudo de qualidade para os compradores, aumentando a transpar\u00eancia e a confian\u00e7a no produto, atendendo \u00e0s exig\u00eancias de mercados globais\u201d, citou. <\/p>\n<p>A Regi\u00e3o do Cerrado Mineiro abrange 55 munic\u00edpios e uma \u00e1rea cultivada de aproximadamente 234 mil hectares, produzindo em m\u00e9dia 6 milh\u00f5es de sacas de 60 kg por ano. Cerca de 70% dessa produ\u00e7\u00e3o \u00e9 destinada \u00e0 exporta\u00e7\u00e3o, com os principais mercados na Europa, Estados Unidos e \u00c1sia.<\/p>\n<\/p><\/div>\n<p><br \/>\n<br \/><a href=\"https:\/\/www.canalrural.com.br\/agricultura\/certificacao-de-origem-de-cafe-mais-do-que-dobra-no-cerrado-mineiro\/\">Source link <\/a><\/p>\n","protected":false},"excerpt":{"rendered":"<p>A regi\u00e3o do Cerrado Mineiro registrou em 2024 um crescimento expressivo de 160% no n\u00famero de sacas certificadas de caf\u00e9<\/p>\n","protected":false},"author":1,"featured_media":6042,"comment_status":"open","ping_status":"open","sticky":false,"template":"","format":"standard","meta":{"_monsterinsights_skip_tracking":false,"_monsterinsights_sitenote_active":false,"_monsterinsights_sitenote_note":"","_monsterinsights_sitenote_category":0,"_uf_show_specific_survey":0,"_uf_disable_surveys":false,"footnotes":""},"categories":[1],"tags":[],"class_list":["post-8200","post","type-post","status-publish","format-standard","has-post-thumbnail","hentry","category-news"],"_links":{"self":[{"href":"https:\/\/agromt.news\/index.php?rest_route=\/wp\/v2\/posts\/8200"}],"collection":[{"href":"https:\/\/agromt.news\/index.php?rest_route=\/wp\/v2\/posts"}],"about":[{"href":"https:\/\/agromt.news\/index.php?rest_route=\/wp\/v2\/types\/post"}],"author":[{"embeddable":true,"href":"https:\/\/agromt.news\/index.php?rest_route=\/wp\/v2\/users\/1"}],"replies":[{"embeddable":true,"href":"https:\/\/agromt.news\/index.php?rest_route=%2Fwp%2Fv2%2Fcomments&post=8200"}],"version-history":[{"count":0,"href":"https:\/\/agromt.news\/index.php?rest_route=\/wp\/v2\/posts\/8200\/revisions"}],"wp:featuredmedia":[{"embeddable":true,"href":"https:\/\/agromt.news\/index.php?rest_route=\/wp\/v2\/media\/6042"}],"wp:attachment":[{"href":"https:\/\/agromt.news\/index.php?rest_route=%2Fwp%2Fv2%2Fmedia&parent=8200"}],"wp:term":[{"taxonomy":"category","embeddable":true,"href":"https:\/\/agromt.news\/index.php?rest_route=%2Fwp%2Fv2%2Fcategories&post=8200"},{"taxonomy":"post_tag","embeddable":true,"href":"https:\/\/agromt.news\/index.php?rest_route=%2Fwp%2Fv2%2Ftags&post=8200"}],"curies":[{"name":"wp","href":"https:\/\/api.w.org\/{rel}","templated":true}]}}