{"id":8197,"date":"2025-01-19T16:15:51","date_gmt":"2025-01-19T20:15:51","guid":{"rendered":"https:\/\/agromt.news\/?p=8197"},"modified":"2025-01-19T16:15:51","modified_gmt":"2025-01-19T20:15:51","slug":"ciclone-ameaca-rio-grande-do-sul-com-ventos-de-ate-mais-de-90-km-h","status":"publish","type":"post","link":"https:\/\/agromt.news\/?p=8197","title":{"rendered":"Ciclone amea\u00e7a Rio Grande do Sul com ventos de at\u00e9 mais de 90 km\/h"},"content":{"rendered":"<p> <br \/>\n<br \/><img decoding=\"async\" src=\"https:\/\/agromt.news\/wp-content\/uploads\/2024\/11\/Ciclone-e-temporais-deixam-areas-em-alerta-nos-proximos-dias.jpg\" \/><\/p>\n<div>\n<p>A forma\u00e7\u00e3o e intensifica\u00e7\u00e3o de um ciclone extratropical entre a costa do Uruguai e o <strong><a href=\"https:\/\/www.canalrural.com.br\/nacional\/rio-grande-do-sul\/\">Rio Grande do Sul<\/a><\/strong> trar\u00e1 fortes rajadas de vento e chuva volumosa para v\u00e1rias regi\u00f5es do estado. O alerta vale a partir da tarde deste domingo (19) at\u00e9 as 23h da segunda-feira (20).<\/p>\n<p>Segundo a <strong><a href=\"https:\/\/www.canalrural.com.br\/autor\/climatempo\/\">Climatempo<\/a><\/strong>, a nova frente fria resultante do fen\u00f4meno aumenta o risco de temporais, especialmente no sul e leste do estado.<\/p>\n<h3 class=\"wp-block-heading\" id=\"h-ciclone-e-ventos-de-mais-de-90-km-h\">Ciclone e ventos de mais de 90 km\/h<\/h3>\n<p>Toda a faixa litor\u00e2nea ga\u00facha est\u00e1 sob alerta para rajadas de vento em torno de 90 km\/h, com possibilidade de valores ainda maiores no litoral sul e extremo sul do estado. Al\u00e9m disso, o mar ficar\u00e1 agitado, aumentando o risco para embarca\u00e7\u00f5es e atividades costeiras.<\/p>\n<p>Com ventos intensos, h\u00e1 preocupa\u00e7\u00e3o com destelhamentos, quedas de \u00e1rvores e galhos, al\u00e9m de poss\u00edveis danos em estruturas e interrup\u00e7\u00f5es no fornecimento de energia el\u00e9trica.<\/p>\n<\/div>\n<div>\n<h3 class=\"wp-block-heading\" id=\"h-alerta-para-temporais-e-enchentes\">Alerta para temporais e enchentes<\/h3>\n<p>Nesta segunda-feira (20), regi\u00f5es como a Serra Ga\u00facha, Grande Porto Alegre, al\u00e9m do centro-sul e leste do estado, devem se preparar para chuvas intensas e volumosas. Temporais podem causar alagamentos, enxurradas e enchentes pontuais, principalmente em \u00e1reas urbanas e pr\u00f3ximas a rios.<\/p>\n<p>A popula\u00e7\u00e3o \u00e9 orientada a evitar deslocamentos desnecess\u00e1rios e refor\u00e7ar a seguran\u00e7a em resid\u00eancias e com\u00e9rcios, especialmente nas \u00e1reas com maior risco de impacto.<\/p>\n<h3 class=\"wp-block-heading\" id=\"h-recomendacoes\">Recomenda\u00e7\u00f5es<\/h3>\n<ul class=\"wp-block-list\">\n<li>Fique atento a alertas meteorol\u00f3gicos e atualiza\u00e7\u00f5es clim\u00e1ticas.<\/li>\n<li>Evite \u00e1reas alagadas e pr\u00f3ximas a encostas.<\/li>\n<li>Garanta que telhados e estruturas estejam refor\u00e7ados para enfrentar os ventos fortes.<\/li>\n<li>Em casos de emerg\u00eancia, entre em contato com a Defesa Civil pelo n\u00famero 199.<\/li>\n<\/ul>\n<p>A condi\u00e7\u00e3o clim\u00e1tica deve persistir ao longo do dia, com tend\u00eancia de melhora apenas ap\u00f3s a passagem do ciclone.<\/p>\n<\/p><\/div>\n<p><br \/>\n<br \/><a href=\"https:\/\/www.canalrural.com.br\/tempo\/ciclone-ameaca-rio-grande-do-sul-com-ventos-de-ate-mais-de-90-km-h\/\">Source link <\/a><\/p>\n","protected":false},"excerpt":{"rendered":"<p>A forma\u00e7\u00e3o e intensifica\u00e7\u00e3o de um ciclone extratropical entre a costa do Uruguai e o Rio Grande do Sul trar\u00e1<\/p>\n","protected":false},"author":1,"featured_media":5812,"comment_status":"open","ping_status":"open","sticky":false,"template":"","format":"standard","meta":{"_monsterinsights_skip_tracking":false,"_monsterinsights_sitenote_active":false,"_monsterinsights_sitenote_note":"","_monsterinsights_sitenote_category":0,"_uf_show_specific_survey":0,"_uf_disable_surveys":false,"footnotes":""},"categories":[1],"tags":[],"class_list":["post-8197","post","type-post","status-publish","format-standard","has-post-thumbnail","hentry","category-news"],"_links":{"self":[{"href":"https:\/\/agromt.news\/index.php?rest_route=\/wp\/v2\/posts\/8197"}],"collection":[{"href":"https:\/\/agromt.news\/index.php?rest_route=\/wp\/v2\/posts"}],"about":[{"href":"https:\/\/agromt.news\/index.php?rest_route=\/wp\/v2\/types\/post"}],"author":[{"embeddable":true,"href":"https:\/\/agromt.news\/index.php?rest_route=\/wp\/v2\/users\/1"}],"replies":[{"embeddable":true,"href":"https:\/\/agromt.news\/index.php?rest_route=%2Fwp%2Fv2%2Fcomments&post=8197"}],"version-history":[{"count":0,"href":"https:\/\/agromt.news\/index.php?rest_route=\/wp\/v2\/posts\/8197\/revisions"}],"wp:featuredmedia":[{"embeddable":true,"href":"https:\/\/agromt.news\/index.php?rest_route=\/wp\/v2\/media\/5812"}],"wp:attachment":[{"href":"https:\/\/agromt.news\/index.php?rest_route=%2Fwp%2Fv2%2Fmedia&parent=8197"}],"wp:term":[{"taxonomy":"category","embeddable":true,"href":"https:\/\/agromt.news\/index.php?rest_route=%2Fwp%2Fv2%2Fcategories&post=8197"},{"taxonomy":"post_tag","embeddable":true,"href":"https:\/\/agromt.news\/index.php?rest_route=%2Fwp%2Fv2%2Ftags&post=8197"}],"curies":[{"name":"wp","href":"https:\/\/api.w.org\/{rel}","templated":true}]}}