{"id":819,"date":"2024-08-26T23:39:36","date_gmt":"2024-08-27T03:39:36","guid":{"rendered":"https:\/\/agromt.news\/?p=819"},"modified":"2024-08-26T23:39:36","modified_gmt":"2024-08-27T03:39:36","slug":"especialista-sobre-queimadas-a-cnn-nao-para-por-aqui-tempo-seco-deve-durar-ate-novembro","status":"publish","type":"post","link":"https:\/\/agromt.news\/?p=819","title":{"rendered":"Especialista sobre queimadas \u00e0 CNN: N\u00e3o para por aqui, tempo seco deve durar at\u00e9 novembro"},"content":{"rendered":"<p> <br \/>\n<\/p>\n<div>\n<p>As queimadas que assolaram o interior do Brasil na \u00faltima semana, consumindo milhares de hectares, devem persistir at\u00e9 novembro, segundo alerta de especialistas.<\/p>\n<p>O cen\u00e1rio preocupante foi destacado por Caio Carvalho, presidente da Associa\u00e7\u00e3o Brasileira do Agroneg\u00f3cio, em entrevista ao <strong>WW<\/strong>.<\/p>\n<p>De acordo com Carvalho, a combina\u00e7\u00e3o de tempo seco e ventos fortes tem sido o principal fator para a r\u00e1pida dissemina\u00e7\u00e3o do fogo.<\/p>\n<aside class=\"read-too read-too--with-img\">\n<h2 class=\"read-too__title'&gt;Leia Mais&lt;\/h2&gt; &lt;ul class=\" read-too__list=\"\"> <\/h2>\n<li class=\"read-too__list-item\"> <a class=\"read-too__link\" href=\"https:\/\/www.cnnbrasil.com.br\/blogs\/caio-junqueira\/nacional\/analise-governos-nao-se-prepararam-para-queimadas\/\" target=\"_self\" rel=\"noopener\"> <picture class=\"read-too__picture\"> <img decoding=\"async\" class=\"read-too__img\" src=\"https:\/\/www.cnnbrasil.com.br\/wp-content\/uploads\/sites\/12\/2024\/08\/FTA20240825088.jpg?w=200\" alt=\"An\u00e1lise: Governos n\u00e3o se prepararam para queimadas\" title=\"An\u00e1lise: Governos n\u00e3o se prepararam para queimadas'\" loading=\"lazy\"\/> <\/picture>\n<h3 class=\"read-too__post-title\">An\u00e1lise: Governos n\u00e3o se prepararam para queimadas<\/h3>\n<p> <\/a><\/li>\n<li class=\"read-too__list-item\"> <a class=\"read-too__link\" href=\"https:\/\/www.cnnbrasil.com.br\/economia\/negocios\/sao-martino-e-raizen-informam-estimativas-de-impacto-dos-incendios-na-producao-de-cana\/\" target=\"_self\" rel=\"noopener\"> <picture class=\"read-too__picture\"> <img decoding=\"async\" class=\"read-too__img\" src=\"https:\/\/www.cnnbrasil.com.br\/wp-content\/uploads\/sites\/12\/Reuters_Direct_Media\/BrazilOnlineReportAgribusinessNews\/tagreuters.com2024binary_LYNXMPEK7Q007-FILEDIMAGE.jpg?w=200\" alt=\"S\u00e3o Martino e Ra\u00edzen informam estimativas de impacto dos inc\u00eandios na produ\u00e7\u00e3o de cana\" title=\"S\u00e3o Martino e Ra\u00edzen informam estimativas de impacto dos inc\u00eandios na produ\u00e7\u00e3o de cana'\" loading=\"lazy\"\/> <\/picture>\n<h3 class=\"read-too__post-title\">S\u00e3o Martino e Ra\u00edzen informam estimativas de impacto dos inc\u00eandios na produ\u00e7\u00e3o de cana<\/h3>\n<p> <\/a><\/li>\n<li class=\"read-too__list-item\"> <a class=\"read-too__link\" href=\"https:\/\/www.cnnbrasil.com.br\/nacional\/saiba-quais-sao-os-estados-que-mais-registraram-focos-de-queimadas-em-2024\/\" target=\"_self\" rel=\"noopener\"> <picture class=\"read-too__picture\"> <img decoding=\"async\" class=\"read-too__img\" src=\"https:\/\/www.cnnbrasil.com.br\/wp-content\/uploads\/sites\/12\/2024\/08\/FTA20240825085.jpg?w=200\" alt=\"Saiba quais s\u00e3o os estados que mais registraram focos de queimadas em 2024\" title=\"Saiba quais s\u00e3o os estados que mais registraram focos de queimadas em 2024'\" loading=\"lazy\"\/> <\/picture>\n<h3 class=\"read-too__post-title\">Saiba quais s\u00e3o os estados que mais registraram focos de queimadas em 2024<\/h3>\n<p> <\/a><\/li>\n<\/aside>\n<p>\u201cO problema \u00e9 quando se faz isso, num ambiente de clima de ventos muito fortes, de uma situa\u00e7\u00e3o que veio de seca mais geada, portanto tudo muito seco, tudo com palha\u201d, explicou o especialista.<\/p>\n<h2>Preju\u00edzos bilion\u00e1rios e suspeitas de inc\u00eandios criminosos<\/h2>\n<p>Os dados oficiais j\u00e1 apontam preju\u00edzos na casa de um bilh\u00e3o de reais devido \u00e0s queimadas. Enquanto isso, as autoridades investigam a possibilidade de inc\u00eandios criminosos.<\/p>\n<p>A ministra do Meio Ambiente, Marina Silva, j\u00e1 se pronunciou sobre o assunto, enquanto o governador de S\u00e3o Paulo, Tarc\u00edsio de Freitas (Republicanos), afirmou n\u00e3o haver rela\u00e7\u00e3o direta entre os casos.<\/p>\n<p>Carvalho ressaltou que, historicamente, h\u00e1 casos de pessoas que, por inconformidade ou irresponsabilidade, ateiam fogo em \u00e1reas verdes.<\/p>\n<p>\u201cH\u00e1 muitos exemplos de outros anos, j\u00e1 se prendeu muita gente inconformada com alguma coisa que acaba numa irresponsabilidade total, ateando fogo\u201d, afirmou.<\/p>\n<h2>Medidas preventivas e monitoramento constante<\/h2>\n<p>Diante da previs\u00e3o de que as condi\u00e7\u00f5es clim\u00e1ticas adversas persistam at\u00e9 novembro, o especialista enfatizou a import\u00e2ncia de manter vigil\u00e2ncia constante.<\/p>\n<p>\u201cO governador e toda a estrutura que foi montada no chamado gabinete de crise devem estar absolutamente ligados para os pr\u00f3ximos dias ou pr\u00f3ximas semanas\u201d, alertou Carvalho.<\/p>\n<p>A situa\u00e7\u00e3o exige aten\u00e7\u00e3o redobrada das autoridades e da popula\u00e7\u00e3o, especialmente considerando que o per\u00edodo de seca deve se estender pelos pr\u00f3ximos meses, aumentando o risco de novos inc\u00eandios e agravando os danos ambientais e econ\u00f4micos j\u00e1 registrados.<\/p>\n<div class=\"disclaimer__ai\"> <em>Os textos gerados por intelig\u00eancia artificial na <strong>CNN Brasil<\/strong>\u00a0s\u00e3o feitos com base nos cortes de v\u00eddeos dos jornais de sua programa\u00e7\u00e3o. Todas as informa\u00e7\u00f5es s\u00e3o apuradas e checadas por jornalistas. O texto final tamb\u00e9m passa pela revis\u00e3o da equipe de jornalismo da\u00a0<strong>CNN<\/strong>.\u00a0<a href=\"https:\/\/www.cnnbrasil.com.br\/nacional\/saiba-como-a-cnn-brasil-utiliza-as-ferramentas-de-inteligencia-artificial\/\" target=\"_blank\" rel=\"noopener\">Clique aqui para saber mais<\/a>.<\/em><\/div>\n<\/div>\n<p><br \/>\n<br \/><a href=\"https:\/\/www.cnnbrasil.com.br\/nacional\/especialista-sobre-queimadas-a-cnn-nao-para-por-aqui-tempo-seco-deve-durar-ate-novembro\/\">Source link <\/a><\/p>\n","protected":false},"excerpt":{"rendered":"<p>As queimadas que assolaram o interior do Brasil na \u00faltima semana, consumindo milhares de hectares, devem persistir at\u00e9 novembro, segundo<\/p>\n","protected":false},"author":1,"featured_media":820,"comment_status":"open","ping_status":"open","sticky":false,"template":"","format":"standard","meta":{"_monsterinsights_skip_tracking":false,"_monsterinsights_sitenote_active":false,"_monsterinsights_sitenote_note":"","_monsterinsights_sitenote_category":0,"_uf_show_specific_survey":0,"_uf_disable_surveys":false,"footnotes":""},"categories":[1],"tags":[],"class_list":["post-819","post","type-post","status-publish","format-standard","has-post-thumbnail","hentry","category-news"],"_links":{"self":[{"href":"https:\/\/agromt.news\/index.php?rest_route=\/wp\/v2\/posts\/819"}],"collection":[{"href":"https:\/\/agromt.news\/index.php?rest_route=\/wp\/v2\/posts"}],"about":[{"href":"https:\/\/agromt.news\/index.php?rest_route=\/wp\/v2\/types\/post"}],"author":[{"embeddable":true,"href":"https:\/\/agromt.news\/index.php?rest_route=\/wp\/v2\/users\/1"}],"replies":[{"embeddable":true,"href":"https:\/\/agromt.news\/index.php?rest_route=%2Fwp%2Fv2%2Fcomments&post=819"}],"version-history":[{"count":0,"href":"https:\/\/agromt.news\/index.php?rest_route=\/wp\/v2\/posts\/819\/revisions"}],"wp:featuredmedia":[{"embeddable":true,"href":"https:\/\/agromt.news\/index.php?rest_route=\/wp\/v2\/media\/820"}],"wp:attachment":[{"href":"https:\/\/agromt.news\/index.php?rest_route=%2Fwp%2Fv2%2Fmedia&parent=819"}],"wp:term":[{"taxonomy":"category","embeddable":true,"href":"https:\/\/agromt.news\/index.php?rest_route=%2Fwp%2Fv2%2Fcategories&post=819"},{"taxonomy":"post_tag","embeddable":true,"href":"https:\/\/agromt.news\/index.php?rest_route=%2Fwp%2Fv2%2Ftags&post=819"}],"curies":[{"name":"wp","href":"https:\/\/api.w.org\/{rel}","templated":true}]}}