{"id":8167,"date":"2025-01-18T14:52:41","date_gmt":"2025-01-18T18:52:41","guid":{"rendered":"https:\/\/agromt.news\/?p=8167"},"modified":"2025-01-18T14:52:41","modified_gmt":"2025-01-18T18:52:41","slug":"brasil-expande-exportacao-de-carnes-para-o-peru","status":"publish","type":"post","link":"https:\/\/agromt.news\/?p=8167","title":{"rendered":"Brasil expande exporta\u00e7\u00e3o de carnes para o Peru"},"content":{"rendered":"<p> <br \/>\n<\/p>\n<div>\n<div class=\"row\">\n<div class=\"col-lg col-infos mt-3 mt-lg-0\">\n<div class=\"section-sub-title\">\n<p itemprop=\"description\">&#13;<br \/>\n                                Brasil autoriza novas plantas frigor\u00edficas para o Peru&#13;\n                            <\/p>\n<\/p><\/div>\n<div class=\"container\">\n<div class=\"row\">\n<div class=\"col-lg p-0\">\n<div>\n<div class=\"block-news-main-infos mt-3 text-start\">\n<p>                                            <strong class=\"fn\" itemprop=\"author\" style=\"color: rgb(112, 112, 112); \">&#13;<br \/>\n                                                <a href=\"https:\/\/www.agrolink.com.br\/noticias\/javascript:;\" class=\"text-uppercase\" target=\"_blank\" style=\"color: rgb(112, 112, 112); \" rel=\"noopener\">Agrolink<\/a>&#13;<br \/>\n&#13;<br \/>\n                                                    &#8211; Seane Lennon&#13;<br \/>\n&#13;<br \/>\n                                            <\/strong><br \/>\n                                        <\/p>\n<p>                                            <abbr><time datetime=\"2025-01-17T17:12\" itemprop=\"datePublished dateModified\">Publicado em 17\/01\/2025 \u00e0s 17:12h.<\/time><\/abbr><br \/>\n                                            <\/p><\/div>\n<\/p><\/div>\n<\/p><\/div>\n<div class=\"col-lg p-0 text-lg-end\">\n<div>\n<div id=\"mdEnviarPagina\" class=\"modal fade\" role=\"dialog\">\n<div class=\"modal-dialog\">\n<div class=\"modal-content\">\n<div class=\"modal-body\">\n<p><strong>Estimado usu\u00e1rio.<\/strong><br \/>Preencha o formul\u00e1rio abaixo para remeter a p\u00e1gina.<\/p>\n<\/p><\/div>\n<\/p><\/div>\n<\/p><\/div>\n<\/div><\/div>\n<\/p><\/div>\n<\/p><\/div>\n<\/p><\/div>\n<\/p><\/div>\n<\/p><\/div>\n<div class=\"row justify-content-md-center mt-3\">\n<div class=\"col-lg-auto col-image  block-news-main-image d-none d-md-block\">\n<p>                                <img decoding=\"async\" src=\"https:\/\/www.agrolink.com.br\/upload\/imagens-resizes\/8574e747808f4becafdf3e8043cdeb7c_858x483.jpg\" class=\"lazyload \"\/><br \/>\n                                                <span class=\"publicity-photo d-block mt-1\">Foto: Pixabay<\/span><\/p><\/div>\n<\/p><\/div>\n<div class=\"section-description section-description-noticias mt-3\">\n<p style=\"text-align:justify\">O governo peruano, por meio do Servicio Nacional de Sanidad Agraria (SENASA), autorizou, no dia 14 de janeiro, a exporta\u00e7\u00e3o de produtos de nove novas plantas frigor\u00edficas brasileiras para o pa\u00eds. A medida inclui plantas localizadas em Goi\u00e1s, Mato Grosso, Mato Grosso do Sul, Paran\u00e1 e S\u00e3o Paulo, al\u00e9m de uma unidade no Rio Grande do Sul dedicada \u00e0 carne de aves.&#13;\n<\/p>\n<p style=\"text-align:justify\">Desde janeiro de 2023, o Peru importa carne su\u00edna do estado do Acre, e com as novas habilita\u00e7\u00f5es, a exporta\u00e7\u00e3o de carne su\u00edna ser\u00e1 expandida para os estados mencionados, enquanto a carne de aves tamb\u00e9m passar\u00e1 a ser exportada a partir do Rio Grande do Sul.&#13;\n<\/p>\n<p style=\"text-align:justify\">Em 2024, o Brasil exportou mais de US$ 755 milh\u00f5es em produtos agropecu\u00e1rios para o Peru, com destaque para a soja, fibras t\u00eaxteis, frutas, nozes e l\u00e1cteos. As exporta\u00e7\u00f5es de carne para o pa\u00eds superaram US$ 141 milh\u00f5es no ano anterior. Com as novas habilita\u00e7\u00f5es, espera-se um aumento significativo nas exporta\u00e7\u00f5es de carne su\u00edna e de aves, beneficiando toda a cadeia produtiva brasileira.&#13;\n<\/p>\n<p style=\"text-align:justify\">Esses resultados refletem o trabalho conjunto do Minist\u00e9rio da Agricultura e Pecu\u00e1ria (Mapa) e do Minist\u00e9rio das Rela\u00e7\u00f5es Exteriores (MRE).<\/p>\n<\/p><\/div>\n<\/p><\/div>\n<p><script data-cfasync=\"false\">\n    !function (f, b, e, v, n, t, s) {\n        if (f.fbq) return; n = f.fbq = function () {\n            n.callMethod ?\n                n.callMethod.apply(n, arguments) : n.queue.push(arguments)\n        };\n        if (!f._fbq) f._fbq = n; n.push = n; n.loaded = !0; n.version = '2.0';\n        n.queue = []; t = b.createElement(e); t.async = !0;\n        t.src = v; s = b.getElementsByTagName(e)[0];\n        s.parentNode.insertBefore(t, s)\n    }(window, document, 'script',\n        'https:\/\/connect.facebook.net\/en_US\/fbevents.js');\n    fbq('init', '522546078623747');\n    fbq('track', 'PageView');\n<\/script><br \/>\n<br \/><br \/>\n<br \/><a href=\"https:\/\/www.agrolink.com.br\/noticias\/brasil-expande-exportacao-de-carnes-para-o-peru_498551.html\">Source link <\/a><\/p>\n","protected":false},"excerpt":{"rendered":"<p>&#13; Brasil autoriza novas plantas frigor\u00edficas para o Peru&#13; &#13; Agrolink&#13; &#13; &#8211; Seane Lennon&#13; &#13; Publicado em 17\/01\/2025 \u00e0s<\/p>\n","protected":false},"author":1,"featured_media":8168,"comment_status":"open","ping_status":"open","sticky":false,"template":"","format":"standard","meta":{"_monsterinsights_skip_tracking":false,"_monsterinsights_sitenote_active":false,"_monsterinsights_sitenote_note":"","_monsterinsights_sitenote_category":0,"_uf_show_specific_survey":0,"_uf_disable_surveys":false,"footnotes":""},"categories":[8,1,14],"tags":[],"class_list":["post-8167","post","type-post","status-publish","format-standard","has-post-thumbnail","hentry","category-agro","category-news","category-politica-agro"],"_links":{"self":[{"href":"https:\/\/agromt.news\/index.php?rest_route=\/wp\/v2\/posts\/8167"}],"collection":[{"href":"https:\/\/agromt.news\/index.php?rest_route=\/wp\/v2\/posts"}],"about":[{"href":"https:\/\/agromt.news\/index.php?rest_route=\/wp\/v2\/types\/post"}],"author":[{"embeddable":true,"href":"https:\/\/agromt.news\/index.php?rest_route=\/wp\/v2\/users\/1"}],"replies":[{"embeddable":true,"href":"https:\/\/agromt.news\/index.php?rest_route=%2Fwp%2Fv2%2Fcomments&post=8167"}],"version-history":[{"count":0,"href":"https:\/\/agromt.news\/index.php?rest_route=\/wp\/v2\/posts\/8167\/revisions"}],"wp:featuredmedia":[{"embeddable":true,"href":"https:\/\/agromt.news\/index.php?rest_route=\/wp\/v2\/media\/8168"}],"wp:attachment":[{"href":"https:\/\/agromt.news\/index.php?rest_route=%2Fwp%2Fv2%2Fmedia&parent=8167"}],"wp:term":[{"taxonomy":"category","embeddable":true,"href":"https:\/\/agromt.news\/index.php?rest_route=%2Fwp%2Fv2%2Fcategories&post=8167"},{"taxonomy":"post_tag","embeddable":true,"href":"https:\/\/agromt.news\/index.php?rest_route=%2Fwp%2Fv2%2Ftags&post=8167"}],"curies":[{"name":"wp","href":"https:\/\/api.w.org\/{rel}","templated":true}]}}