{"id":8164,"date":"2025-01-18T12:52:42","date_gmt":"2025-01-18T16:52:42","guid":{"rendered":"https:\/\/agromt.news\/?p=8164"},"modified":"2025-01-18T12:52:42","modified_gmt":"2025-01-18T16:52:42","slug":"viu-esta-especialista-faz-a-conta-de-quanto-uma-fazenda-de-gado-de-corte-fatura-por-ano","status":"publish","type":"post","link":"https:\/\/agromt.news\/?p=8164","title":{"rendered":"Viu esta? Especialista faz a conta de quanto uma fazenda de gado de corte fatura por ano"},"content":{"rendered":"<p> <br \/>\n<br \/><img decoding=\"async\" src=\"https:\/\/agromt.news\/wp-content\/uploads\/2024\/09\/Cenario-perfeito-para-a-alta-do-boi-gordo-Veja-as.jpg\" \/><\/p>\n<div>\n<p>O zootecnista, consultor e escritor Antonio Chaker estreou a terceira temporada do programa \u201cDicas do Chaker\u201d, no programa <strong><a href=\"https:\/\/girodoboi.canalrural.com.br\/\">Giro do Boi<\/a><\/strong>, transmitido pelo <strong><a href=\"https:\/\/www.canalrural.com.br\/\">Canal Rural<\/a><\/strong>. Logo no primeiro epis\u00f3dio, ele revelou uma f\u00f3rmula simples para determinar o faturamento anual ideal de uma fazenda de gado de corte com base no valor da propriedade. Veja o v\u00eddeo abaixo:<\/p>\n<figure class=\"wp-block-embed is-type-video is-provider-youtube wp-block-embed-youtube wp-embed-aspect-16-9 wp-has-aspect-ratio\">\n<p>\n<iframe title=\"QUANTO DEVE FATURAR UMA FAZENDA DE GADO DE CORTE POR ANO? ESPECIALISTA FAZ A CONTA. CONFIRA\" width=\"800\" height=\"450\" src=\"https:\/\/www.youtube.com\/embed\/HBJY6QOzj-c?feature=oembed\" frameborder=\"0\" allow=\"accelerometer; autoplay; clipboard-write; encrypted-media; gyroscope; picture-in-picture; web-share\" referrerpolicy=\"strict-origin-when-cross-origin\" allowfullscreen><\/iframe><noscript><iframe title=\"QUANTO DEVE FATURAR UMA FAZENDA DE GADO DE CORTE POR ANO? ESPECIALISTA FAZ A CONTA. CONFIRA\" width=\"800\" height=\"450\" src=\"https:\/\/www.youtube.com\/embed\/HBJY6QOzj-c?feature=oembed\" frameborder=\"0\" allow=\"accelerometer; autoplay; clipboard-write; encrypted-media; gyroscope; picture-in-picture; web-share\" referrerpolicy=\"strict-origin-when-cross-origin\" allowfullscreen><\/iframe><\/noscript>\n<\/p>\n<\/figure>\n<h2 class=\"wp-block-heading\" id=\"h-quanto-a-fazenda-de-gado-deve-lucrar\">Quanto a fazenda de gado deve lucrar?<\/h2>\n<p>De acordo com Chaker, o c\u00e1lculo pode ser aplicado a qualquer tipo de sistema produtivo, seja cria, recria, engorda ou ciclo completo.<\/p>\n<p>Segundo o especialista, uma fazenda deve entregar um lucro equivalente a <strong>4%<\/strong> do valor da propriedade. Por exemplo, se vale R$ 10 milh\u00f5es, ela precisa gerar um lucro anual de R$ 400 mil. No entanto, a conta n\u00e3o para por a\u00ed. Para alcan\u00e7ar esse lucro, \u00e9 preciso calcular o faturamento total necess\u00e1rio.<\/p>\n<p>Tomando como refer\u00eancia fazendas com uma margem m\u00e9dia de <strong>30%<\/strong> no ciclo completo, o faturamento ideal seria calculado dividindo o lucro esperado pela margem.<\/p>\n<\/div>\n<div>\n<p>Assim, no caso de uma propriedade avaliada em R$ 10 milh\u00f5es, o faturamento necess\u00e1rio seria de R$ 1,33 milh\u00e3o para que, descontados os custos, restem os R$ 400 mil de lucro.<\/p>\n<h2 class=\"wp-block-heading\" id=\"h-quantos-animais-abater\">Quantos animais abater?<\/h2>\n<p>Chaker tamb\u00e9m explicou como transformar esses n\u00fameros em metas pr\u00e1ticas. Considerando que o pre\u00e7o m\u00e9dio de venda de uma cabe\u00e7a de gado \u00e9 de R$ 5.000, seriam necess\u00e1rios 266 animais abatidos ao ano para atingir o faturamento de R$ 1,33 milh\u00e3o.<\/p>\n<p>Ele destacou que o planejamento estrat\u00e9gico come\u00e7a com esse c\u00e1lculo, permitindo que o pecuarista estabele\u00e7a metas de produ\u00e7\u00e3o, controle de custos e aproveitamento de margens. \u201cTudo come\u00e7a aqui\u201d, enfatizou.<\/p>\n<p>Com mais 11 epis\u00f3dios pela frente, o quadro \u201cDicas do Chaker\u201d trar\u00e1 <em>insights <\/em>sobre a gest\u00e3o de pessoas, processos e t\u00e9cnicas para aumentar a vis\u00e3o empreendedora no agroneg\u00f3cio.<\/p>\n<\/p><\/div>\n<p><br \/>\n<br \/><a href=\"https:\/\/www.canalrural.com.br\/pecuaria\/viu-esta-especialista-faz-a-conta-de-quanto-uma-fazenda-de-gado-de-corte-fatura-por-ano\/\">Source link <\/a><\/p>\n","protected":false},"excerpt":{"rendered":"<p>O zootecnista, consultor e escritor Antonio Chaker estreou a terceira temporada do programa \u201cDicas do Chaker\u201d, no programa Giro do<\/p>\n","protected":false},"author":1,"featured_media":1501,"comment_status":"open","ping_status":"open","sticky":false,"template":"","format":"standard","meta":{"_monsterinsights_skip_tracking":false,"_monsterinsights_sitenote_active":false,"_monsterinsights_sitenote_note":"","_monsterinsights_sitenote_category":0,"_uf_show_specific_survey":0,"_uf_disable_surveys":false,"footnotes":""},"categories":[1],"tags":[],"class_list":["post-8164","post","type-post","status-publish","format-standard","has-post-thumbnail","hentry","category-news"],"_links":{"self":[{"href":"https:\/\/agromt.news\/index.php?rest_route=\/wp\/v2\/posts\/8164"}],"collection":[{"href":"https:\/\/agromt.news\/index.php?rest_route=\/wp\/v2\/posts"}],"about":[{"href":"https:\/\/agromt.news\/index.php?rest_route=\/wp\/v2\/types\/post"}],"author":[{"embeddable":true,"href":"https:\/\/agromt.news\/index.php?rest_route=\/wp\/v2\/users\/1"}],"replies":[{"embeddable":true,"href":"https:\/\/agromt.news\/index.php?rest_route=%2Fwp%2Fv2%2Fcomments&post=8164"}],"version-history":[{"count":0,"href":"https:\/\/agromt.news\/index.php?rest_route=\/wp\/v2\/posts\/8164\/revisions"}],"wp:featuredmedia":[{"embeddable":true,"href":"https:\/\/agromt.news\/index.php?rest_route=\/wp\/v2\/media\/1501"}],"wp:attachment":[{"href":"https:\/\/agromt.news\/index.php?rest_route=%2Fwp%2Fv2%2Fmedia&parent=8164"}],"wp:term":[{"taxonomy":"category","embeddable":true,"href":"https:\/\/agromt.news\/index.php?rest_route=%2Fwp%2Fv2%2Fcategories&post=8164"},{"taxonomy":"post_tag","embeddable":true,"href":"https:\/\/agromt.news\/index.php?rest_route=%2Fwp%2Fv2%2Ftags&post=8164"}],"curies":[{"name":"wp","href":"https:\/\/api.w.org\/{rel}","templated":true}]}}