{"id":8163,"date":"2025-01-18T12:49:43","date_gmt":"2025-01-18T16:49:43","guid":{"rendered":"https:\/\/agromt.news\/?p=8163"},"modified":"2025-01-18T12:49:43","modified_gmt":"2025-01-18T16:49:43","slug":"brasil-deve-exportar-menos-milho-em-2024-25-aponta-conab","status":"publish","type":"post","link":"https:\/\/agromt.news\/?p=8163","title":{"rendered":"Brasil deve exportar menos milho em 2024\/25, aponta Conab"},"content":{"rendered":"<p> <br \/>\n<\/p>\n<div>\n<p style=\"text-align:justify\">A Companhia Nacional de Abastecimento (Conab) divulgou, em seu 4\u00ba levantamento da safra de gr\u00e3os 2024\/25, que o plantio da primeira safra de <a href=\"https:\/\/www.agrolink.com.br\/culturas\/milho?utm_source=agrolink-detalhe-noticia&amp;utm_medium=detalhe-noticia&amp;utm_campaign=links-internos&#9;\" target=\"_blank\" rel=\"noopener\">milho<\/a> no Brasil alcan\u00e7ou 80,8% da \u00e1rea prevista at\u00e9 o fim de dezembro. Embora o cultivo continue nos estados do Maranh\u00e3o, Piau\u00ed, Bahia e Par\u00e1, ele dever\u00e1 ser conclu\u00eddo at\u00e9 meados de mar\u00e7o. O clima tem favorecido o desenvolvimento da cultura, com chuvas frequentes intercaladas com per\u00edodos de sol nas principais regi\u00f5es produtoras. Contudo, a Regi\u00e3o Sul, especialmente no Rio Grande do Sul, tem registrado redu\u00e7\u00e3o nas precipita\u00e7\u00f5es, o que vem causando deficit h\u00eddrico em algumas lavouras, prejudicando o potencial produtivo.&#13;\n<\/p>\n<p style=\"text-align:justify\">A \u00e1rea total para o plantio da primeira safra de milho em 2024\/25 foi estimada em 3.717 mil hectares, 6,4% inferior ao ano passado, devido \u00e0 baixa cota\u00e7\u00e3o do cereal no mercado, o que motivou os agricultores a diversificarem as op\u00e7\u00f5es de cultivo.<\/p>\n<p style=\"text-align:justify\">O plantio da segunda safra de milho come\u00e7ou no Mato Grosso e deve se intensificar entre o fim de janeiro e fevereiro, dependendo da colheita da soja. A previs\u00e3o \u00e9 que a \u00e1rea de plantio da segunda safra atinja 16.596,6 mil hectares, 1% maior do que no ciclo anterior, devido ao aumento de custos de produ\u00e7\u00e3o e \u00e0 cota\u00e7\u00e3o do milho.<\/p>\n<p style=\"text-align:justify\">A colheita da terceira safra j\u00e1 foi finalizada, com 643,3 mil hectares plantados e produ\u00e7\u00e3o estimada de 2.480,3 mil toneladas.<\/p>\n<p style=\"text-align:justify\">Em termos de produ\u00e7\u00e3o total, a Conab estima que a safra 2024\/25 gerar\u00e1 119,6 milh\u00f5es de toneladas de milho, o que representa um aumento de 3,3% em rela\u00e7\u00e3o \u00e0 safra anterior. A previs\u00e3o \u00e9 que a produtividade aumente 3,8%, embora a \u00e1rea plantada total tenha uma redu\u00e7\u00e3o de 0,4%.&#13;\n<\/p>\n<p style=\"text-align:justify\">No mercado interno, a demanda por milho deve aumentar em 3,3%, totalizando 86,4 milh\u00f5es de toneladas consumidas no Brasil durante 2025. J\u00e1 nas exporta\u00e7\u00f5es, a Conab projeta uma redu\u00e7\u00e3o no volume enviado ao exterior, com 38,5 milh\u00f5es de toneladas esperadas para 2023\/24, representando uma queda de 29,5% em rela\u00e7\u00e3o ao ciclo anterior. Para 2024\/25, espera-se uma leve redu\u00e7\u00e3o nas exporta\u00e7\u00f5es devido \u00e0 maior demanda interna e \u00e0 menor oferta do cereal para comercializa\u00e7\u00e3o internacional.<\/p>\n<p style=\"text-align:justify\">Quanto aos estoques de milho, a previs\u00e3o \u00e9 que ao final da safra 2024\/25, o Brasil termine com 3,4 milh\u00f5es de toneladas armazenadas, um aumento de 40,8% em compara\u00e7\u00e3o \u00e0 safra anterior.<\/p>\n<\/p><\/div>\n<p><script data-cfasync=\"false\">\n    !function (f, b, e, v, n, t, s) {\n        if (f.fbq) return; n = f.fbq = function () {\n            n.callMethod ?\n                n.callMethod.apply(n, arguments) : n.queue.push(arguments)\n        };\n        if (!f._fbq) f._fbq = n; n.push = n; n.loaded = !0; n.version = '2.0';\n        n.queue = []; t = b.createElement(e); t.async = !0;\n        t.src = v; s = b.getElementsByTagName(e)[0];\n        s.parentNode.insertBefore(t, s)\n    }(window, document, 'script',\n        'https:\/\/connect.facebook.net\/en_US\/fbevents.js');\n    fbq('init', '522546078623747');\n    fbq('track', 'PageView');\n<\/script><br \/>\n<br \/><br \/>\n<br \/><a href=\"https:\/\/www.agrolink.com.br\/noticias\/brasil-deve-exportar-menos-milho-em-2024-25--aponta-conab_498552.html\">Source link <\/a><\/p>\n","protected":false},"excerpt":{"rendered":"<p>A Companhia Nacional de Abastecimento (Conab) divulgou, em seu 4\u00ba levantamento da safra de gr\u00e3os 2024\/25, que o plantio da<\/p>\n","protected":false},"author":1,"featured_media":2273,"comment_status":"open","ping_status":"open","sticky":false,"template":"","format":"standard","meta":{"_monsterinsights_skip_tracking":false,"_monsterinsights_sitenote_active":false,"_monsterinsights_sitenote_note":"","_monsterinsights_sitenote_category":0,"_uf_show_specific_survey":0,"_uf_disable_surveys":false,"footnotes":""},"categories":[8,1,14],"tags":[],"class_list":["post-8163","post","type-post","status-publish","format-standard","has-post-thumbnail","hentry","category-agro","category-news","category-politica-agro"],"_links":{"self":[{"href":"https:\/\/agromt.news\/index.php?rest_route=\/wp\/v2\/posts\/8163"}],"collection":[{"href":"https:\/\/agromt.news\/index.php?rest_route=\/wp\/v2\/posts"}],"about":[{"href":"https:\/\/agromt.news\/index.php?rest_route=\/wp\/v2\/types\/post"}],"author":[{"embeddable":true,"href":"https:\/\/agromt.news\/index.php?rest_route=\/wp\/v2\/users\/1"}],"replies":[{"embeddable":true,"href":"https:\/\/agromt.news\/index.php?rest_route=%2Fwp%2Fv2%2Fcomments&post=8163"}],"version-history":[{"count":0,"href":"https:\/\/agromt.news\/index.php?rest_route=\/wp\/v2\/posts\/8163\/revisions"}],"wp:featuredmedia":[{"embeddable":true,"href":"https:\/\/agromt.news\/index.php?rest_route=\/wp\/v2\/media\/2273"}],"wp:attachment":[{"href":"https:\/\/agromt.news\/index.php?rest_route=%2Fwp%2Fv2%2Fmedia&parent=8163"}],"wp:term":[{"taxonomy":"category","embeddable":true,"href":"https:\/\/agromt.news\/index.php?rest_route=%2Fwp%2Fv2%2Fcategories&post=8163"},{"taxonomy":"post_tag","embeddable":true,"href":"https:\/\/agromt.news\/index.php?rest_route=%2Fwp%2Fv2%2Ftags&post=8163"}],"curies":[{"name":"wp","href":"https:\/\/api.w.org\/{rel}","templated":true}]}}