{"id":8154,"date":"2025-01-18T08:27:49","date_gmt":"2025-01-18T12:27:49","guid":{"rendered":"https:\/\/agromt.news\/?p=8154"},"modified":"2025-01-18T08:27:49","modified_gmt":"2025-01-18T12:27:49","slug":"colheita-de-aveia-cai-303-no-parana","status":"publish","type":"post","link":"https:\/\/agromt.news\/?p=8154","title":{"rendered":"Colheita de aveia cai 30,3% no Paran\u00e1"},"content":{"rendered":"<p> <br \/>\n<\/p>\n<div>\n<p style=\"text-align:justify\">Segundo o 4\u00ba levantamento da safra de gr\u00e3os 2024\/25, apresentado pela Companhia Nacional de Abastecimento (Conab), a\u00a0colheita da <a href=\"https:\/\/www.agrolink.com.br\/culturas\/aveia?utm_source=agrolink-detalhe-noticia&amp;utm_medium=detalhe-noticia&amp;utm_campaign=links-internos\" target=\"_blank\" rel=\"noopener\">aveia<\/a>-branca no Brasil,\u00a0chegou ao fim no Rio Grande do Sul no m\u00eas de dezembro. A opera\u00e7\u00e3o teve in\u00edcio em setembro, atingindo 1% da \u00e1rea cultivada, e seguiu com um ritmo crescente at\u00e9 dezembro, quando 2% das \u00e1reas restantes foram colhidas. A produtividade variou consideravelmente devido a fatores como o pacote tecnol\u00f3gico adotado pelos produtores e os eventos clim\u00e1ticos, que impactaram diretamente a cultura.&#13;\n<\/p>\n<p style=\"text-align:justify\">A semeadura da aveia teve in\u00edcio em maio, com t\u00e9rmino apenas em julho, o que resultou em um longo per\u00edodo para o plantio. Esse atraso foi causado pelas constantes e volumosas precipita\u00e7\u00f5es durante o per\u00edodo. Al\u00e9m disso, o desenvolvimento da cultura foi influenciado pelo excesso de chuvas no in\u00edcio do ciclo, especialmente nas regi\u00f5es Oeste, Alto Uruguai, Miss\u00f5es e Fronteira Oeste, al\u00e9m de epis\u00f3dios de geadas e falta de radia\u00e7\u00e3o solar. A fuma\u00e7a das queimadas no Centro-Oeste tamb\u00e9m afetou o crescimento das plantas.<\/p>\n<p style=\"text-align:justify\">De setembro a outubro, as chuvas, com volumes superiores a 200 mm em algumas regi\u00f5es, coincidiram com a matura\u00e7\u00e3o das lavouras no Oeste e o florescimento e enchimento de gr\u00e3os nas regi\u00f5es mais a leste, como Planalto M\u00e9dio e Superior. Esse cen\u00e1rio resultou em uma produ\u00e7\u00e3o de aveia de produtividade vari\u00e1vel, com a maior parte das lavouras registrando \u00edndices entre 2.100 kg\/ha e 3.000 kg\/ha. A produtividade m\u00e9dia da safra 2024 foi de 2.361 kg\/ha, representando um aumento de 26% em rela\u00e7\u00e3o \u00e0 safra anterior, mas 8% inferior \u00e0 de 2022, o que gerou descontentamento entre os produtores.&#13;\n<\/p>\n<p style=\"text-align:justify\">Em rela\u00e7\u00e3o \u00e0 \u00e1rea cultivada, houve um pequeno ajuste de 0,1% em compara\u00e7\u00e3o ao levantamento anterior, com um total de 356,8 mil hectares plantados com aveia.<\/p>\n<p style=\"text-align:justify\">J\u00e1 no Paran\u00e1, a cultura foi totalmente colhida. As condi\u00e7\u00f5es clim\u00e1ticas desfavor\u00e1veis, com temperaturas elevadas e falta de chuvas em momentos cr\u00edticos, impactaram negativamente a safra, que apresentou uma redu\u00e7\u00e3o de 30,3% em rela\u00e7\u00e3o ao ciclo anterior. O clima quente e a ocorr\u00eancia de duas geadas prejudicaram ainda mais a produ\u00e7\u00e3o. A colheita paranaense foi destinada \u00e0 ind\u00fastria de alimenta\u00e7\u00e3o humana (produ\u00e7\u00e3o de flocos) e alimenta\u00e7\u00e3o animal (ra\u00e7\u00e3o), al\u00e9m de parte da produ\u00e7\u00e3o ser destinada \u00e0 semeadura para o pr\u00f3ximo ciclo.<\/p>\n<\/p><\/div>\n<p><script data-cfasync=\"false\">\n    !function (f, b, e, v, n, t, s) {\n        if (f.fbq) return; n = f.fbq = function () {\n            n.callMethod ?\n                n.callMethod.apply(n, arguments) : n.queue.push(arguments)\n        };\n        if (!f._fbq) f._fbq = n; n.push = n; n.loaded = !0; n.version = '2.0';\n        n.queue = []; t = b.createElement(e); t.async = !0;\n        t.src = v; s = b.getElementsByTagName(e)[0];\n        s.parentNode.insertBefore(t, s)\n    }(window, document, 'script',\n        'https:\/\/connect.facebook.net\/en_US\/fbevents.js');\n    fbq('init', '522546078623747');\n    fbq('track', 'PageView');\n<\/script><br \/>\n<br \/><br \/>\n<br \/><a href=\"https:\/\/www.agrolink.com.br\/noticias\/colheita-de-aveia-cai-30-3--no-parana_498554.html\">Source link <\/a><\/p>\n","protected":false},"excerpt":{"rendered":"<p>Segundo o 4\u00ba levantamento da safra de gr\u00e3os 2024\/25, apresentado pela Companhia Nacional de Abastecimento (Conab), a\u00a0colheita da aveia-branca no<\/p>\n","protected":false},"author":1,"featured_media":1636,"comment_status":"open","ping_status":"open","sticky":false,"template":"","format":"standard","meta":{"_monsterinsights_skip_tracking":false,"_monsterinsights_sitenote_active":false,"_monsterinsights_sitenote_note":"","_monsterinsights_sitenote_category":0,"_uf_show_specific_survey":0,"_uf_disable_surveys":false,"footnotes":""},"categories":[8,1,14],"tags":[],"class_list":["post-8154","post","type-post","status-publish","format-standard","has-post-thumbnail","hentry","category-agro","category-news","category-politica-agro"],"_links":{"self":[{"href":"https:\/\/agromt.news\/index.php?rest_route=\/wp\/v2\/posts\/8154"}],"collection":[{"href":"https:\/\/agromt.news\/index.php?rest_route=\/wp\/v2\/posts"}],"about":[{"href":"https:\/\/agromt.news\/index.php?rest_route=\/wp\/v2\/types\/post"}],"author":[{"embeddable":true,"href":"https:\/\/agromt.news\/index.php?rest_route=\/wp\/v2\/users\/1"}],"replies":[{"embeddable":true,"href":"https:\/\/agromt.news\/index.php?rest_route=%2Fwp%2Fv2%2Fcomments&post=8154"}],"version-history":[{"count":0,"href":"https:\/\/agromt.news\/index.php?rest_route=\/wp\/v2\/posts\/8154\/revisions"}],"wp:featuredmedia":[{"embeddable":true,"href":"https:\/\/agromt.news\/index.php?rest_route=\/wp\/v2\/media\/1636"}],"wp:attachment":[{"href":"https:\/\/agromt.news\/index.php?rest_route=%2Fwp%2Fv2%2Fmedia&parent=8154"}],"wp:term":[{"taxonomy":"category","embeddable":true,"href":"https:\/\/agromt.news\/index.php?rest_route=%2Fwp%2Fv2%2Fcategories&post=8154"},{"taxonomy":"post_tag","embeddable":true,"href":"https:\/\/agromt.news\/index.php?rest_route=%2Fwp%2Fv2%2Ftags&post=8154"}],"curies":[{"name":"wp","href":"https:\/\/api.w.org\/{rel}","templated":true}]}}