{"id":815,"date":"2024-08-26T22:38:28","date_gmt":"2024-08-27T02:38:28","guid":{"rendered":"https:\/\/agromt.news\/?p=815"},"modified":"2024-08-26T22:38:28","modified_gmt":"2024-08-27T02:38:28","slug":"aeroporto-salgado-filho-recebe-r-426-milhoes-para-reconstrucao","status":"publish","type":"post","link":"https:\/\/agromt.news\/?p=815","title":{"rendered":"Aeroporto Salgado Filho recebe R$ 426 milh\u00f5es para reconstru\u00e7\u00e3o"},"content":{"rendered":"<p> <br \/>\n<\/p>\n<div>\n<div class=\"row\">\n<div class=\"col-lg col-infos mt-3 mt-lg-0\">\n<div class=\"section-sub-title\">\n<p itemprop=\"description\">\nProcesso agora segue para o Minist\u00e9rio de Portos e Aeroportos\n<\/p>\n<\/div>\n<div class=\"container\">\n<div class=\"row\">\n<div class=\"col-lg p-0\">\n<div>\n<div class=\"block-news-main-infos mt-3 text-start\">\n<strong class=\"fn\" itemprop=\"author\" style=\"color: rgb(112, 112, 112); \"><br \/>\n<a href=\"https:\/\/www.agrolink.com.br\/noticias\/javascript:;\" class=\"text-uppercase\" target=\"_blank\" style=\"color: rgb(112, 112, 112); \" rel=\"noopener\">Agrolink<\/a><br \/>\n&#8211; Aline Merladete<br \/>\n<\/strong><br \/>\n<br \/>\n<abbr><time datetime=\"2024-08-23T16:31\" itemprop=\"datePublished dateModified\">Publicado em 23\/08\/2024 \u00e0s 16:31h.<\/time><\/abbr>\n<\/div>\n<\/div>\n<\/div>\n<div class=\"col-lg p-0 text-lg-end\">\n<div>\n<div id=\"mdEnviarPagina\" class=\"modal fade\" role=\"dialog\">\n<div class=\"modal-dialog\">\n<div class=\"modal-content\">\n<div class=\"modal-body\">\n<p><strong>Estimado usu\u00e1rio.<\/strong><br \/>Preencha o formul\u00e1rio abaixo para remeter a p\u00e1gina.<\/p>\n<\/div>\n<\/div>\n<\/div>\n<\/div>\n<\/div>\n<\/div>\n<\/div>\n<\/div>\n<\/div>\n<\/div>\n<div class=\"row justify-content-md-center mt-3\">\n<div class=\"col-lg-auto col-image  block-news-main-image d-none d-md-block\">\n<img decoding=\"async\" src=\"https:\/\/www.agrolink.com.br\/upload\/imagens-resizes\/c0fc188e109c4979b9d5602a50763f2a_858x483.jpg\" class=\"lazyload\"\/><br \/>\n<span class=\"publicity-photo d-block mt-1\">Foto: Reprodu\u00e7\u00e3o\/Redes Sociais<\/span>\n<\/div>\n<\/div>\n<div class=\"section-description section-description-noticias mt-3\">\n<p style=\"text-align:justify\">A Ag\u00eancia Nacional de Avia\u00e7\u00e3o Civil (Anac) aprovou uma medida cautelar nesta sexta-feira (203.08), para viabilizar a reconstru\u00e7\u00e3o do Aeroporto Salgado Filho, em Porto Alegre (RS). A decis\u00e3o autoriza uma recomposi\u00e7\u00e3o financeira de R$ 426 milh\u00f5es, atendendo parcialmente a uma solicita\u00e7\u00e3o da Concession\u00e1ria Fraport, respons\u00e1vel pela gest\u00e3o do terminal.\n<\/p>\n<p style=\"text-align:justify\">Segundo dados da Anac, o montante foi definido como resposta \u00e0 situa\u00e7\u00e3o de calamidade p\u00fablica que atingiu o Rio Grande do Sul em maio deste ano, impactando gravemente as opera\u00e7\u00f5es do aeroporto. A Fraport havia solicitado um reequil\u00edbrio financeiro total de R$ 925,1 milh\u00f5es, mas a Anac aprovou R$ 362 milh\u00f5es destinados \u00e0 reconstru\u00e7\u00e3o e mais R$ 64 milh\u00f5es para a manuten\u00e7\u00e3o das atividades operacionais durante as obras.<\/p>\n<p style=\"text-align:justify\">O processo agora segue para o Minist\u00e9rio de Portos e Aeroportos, que ser\u00e1 respons\u00e1vel pelas provid\u00eancias necess\u00e1rias para a libera\u00e7\u00e3o dos cr\u00e9ditos extraordin\u00e1rios. O Tribunal de Contas da Uni\u00e3o (TCU) tamb\u00e9m acompanhar\u00e1 a execu\u00e7\u00e3o dos recursos. Os valores ser\u00e3o repassados de forma parcelada, conforme a necessidade dos gastos for comprovada.\n<\/p>\n<p style=\"text-align:justify\">A revis\u00e3o do contrato de concess\u00e3o entre a Fraport e o poder concedente est\u00e1 em andamento e poder\u00e1 resultar na confirma\u00e7\u00e3o, revoga\u00e7\u00e3o ou ajuste dos valores aprovados. Caso o reequil\u00edbrio financeiro seja menor do que o solicitado, a concession\u00e1ria dever\u00e1 devolver a diferen\u00e7a ao Poder P\u00fablico. A medida cautelar \u00e9 parte dos esfor\u00e7os para garantir a continuidade das opera\u00e7\u00f5es aeroportu\u00e1rias em Porto Alegre e manter o atendimento aos usu\u00e1rios do transporte a\u00e9reo no estado.<\/p>\n<\/div>\n<\/div>\n<p><script data-cfasync=\"false\">\n    !function (f, b, e, v, n, t, s) {\n        if (f.fbq) return; n = f.fbq = function () {\n            n.callMethod ?\n                n.callMethod.apply(n, arguments) : n.queue.push(arguments)\n        };\n        if (!f._fbq) f._fbq = n; n.push = n; n.loaded = !0; n.version = '2.0';\n        n.queue = []; t = b.createElement(e); t.async = !0;\n        t.src = v; s = b.getElementsByTagName(e)[0];\n        s.parentNode.insertBefore(t, s)\n    }(window, document, 'script',\n        'https:\/\/connect.facebook.net\/en_US\/fbevents.js');\n    fbq('init', '522546078623747');\n    fbq('track', 'PageView');\n<\/script><br \/>\n<br \/><br \/>\n<br \/><a href=\"https:\/\/www.agrolink.com.br\/noticias\/aeroporto-salgado-filho-recebe-r--426-milhoes-para-reconstrucao_494301.html\">Source link <\/a><\/p>\n","protected":false},"excerpt":{"rendered":"<p>Processo agora segue para o Minist\u00e9rio de Portos e Aeroportos Agrolink &#8211; Aline Merladete Publicado em 23\/08\/2024 \u00e0s 16:31h. Estimado<\/p>\n","protected":false},"author":1,"featured_media":816,"comment_status":"open","ping_status":"open","sticky":false,"template":"","format":"standard","meta":{"_monsterinsights_skip_tracking":false,"_monsterinsights_sitenote_active":false,"_monsterinsights_sitenote_note":"","_monsterinsights_sitenote_category":0,"_uf_show_specific_survey":0,"_uf_disable_surveys":false,"footnotes":""},"categories":[8,1,14],"tags":[],"class_list":["post-815","post","type-post","status-publish","format-standard","has-post-thumbnail","hentry","category-agro","category-news","category-politica-agro"],"_links":{"self":[{"href":"https:\/\/agromt.news\/index.php?rest_route=\/wp\/v2\/posts\/815"}],"collection":[{"href":"https:\/\/agromt.news\/index.php?rest_route=\/wp\/v2\/posts"}],"about":[{"href":"https:\/\/agromt.news\/index.php?rest_route=\/wp\/v2\/types\/post"}],"author":[{"embeddable":true,"href":"https:\/\/agromt.news\/index.php?rest_route=\/wp\/v2\/users\/1"}],"replies":[{"embeddable":true,"href":"https:\/\/agromt.news\/index.php?rest_route=%2Fwp%2Fv2%2Fcomments&post=815"}],"version-history":[{"count":0,"href":"https:\/\/agromt.news\/index.php?rest_route=\/wp\/v2\/posts\/815\/revisions"}],"wp:featuredmedia":[{"embeddable":true,"href":"https:\/\/agromt.news\/index.php?rest_route=\/wp\/v2\/media\/816"}],"wp:attachment":[{"href":"https:\/\/agromt.news\/index.php?rest_route=%2Fwp%2Fv2%2Fmedia&parent=815"}],"wp:term":[{"taxonomy":"category","embeddable":true,"href":"https:\/\/agromt.news\/index.php?rest_route=%2Fwp%2Fv2%2Fcategories&post=815"},{"taxonomy":"post_tag","embeddable":true,"href":"https:\/\/agromt.news\/index.php?rest_route=%2Fwp%2Fv2%2Ftags&post=815"}],"curies":[{"name":"wp","href":"https:\/\/api.w.org\/{rel}","templated":true}]}}