{"id":813,"date":"2024-08-26T22:05:20","date_gmt":"2024-08-27T02:05:20","guid":{"rendered":"https:\/\/agromt.news\/?p=813"},"modified":"2024-08-26T22:05:20","modified_gmt":"2024-08-27T02:05:20","slug":"solucao-para-as-queimadas-veio-da-integracao-entre-os-setores-publico-e-privado-diz-especialista-a-cnn","status":"publish","type":"post","link":"https:\/\/agromt.news\/?p=813","title":{"rendered":"Solu\u00e7\u00e3o para as queimadas veio da integra\u00e7\u00e3o entre os setores p\u00fablico e privado, diz especialista \u00e0 CNN"},"content":{"rendered":"<p> <br \/>\n<\/p>\n<div>\n<p>A integra\u00e7\u00e3o entre os setores p\u00fablico e privado foi fundamental para conter as queimadas que atingiram o interior do Brasil na \u00faltima semana, segundo Caio Carvalho, presidente da Associa\u00e7\u00e3o Brasileira do Agroneg\u00f3cio.<\/p>\n<p>Em entrevista ao <strong>WW<\/strong>, o especialista destacou a import\u00e2ncia da coopera\u00e7\u00e3o na resolu\u00e7\u00e3o do problema. Carvalho enfatizou a cria\u00e7\u00e3o de um gabinete de crise, que reuniu esfor\u00e7os do governo e da iniciativa privada.<\/p>\n<p>\u201cFoi a montagem de um gabinete com a palavra m\u00e1gica que \u00e9 integra\u00e7\u00e3o, que \u00e9 a palavra que mais falta no Brasil. Uma integra\u00e7\u00e3o p\u00fablico-privada\u201d, afirmou.<\/p>\n<aside class=\"read-too read-too--with-img\">\n<h2 class=\"read-too__title'&gt;Leia Mais&lt;\/h2&gt; &lt;ul class=\" read-too__list=\"\"> <\/h2>\n<li class=\"read-too__list-item\"> <a class=\"read-too__link\" href=\"https:\/\/www.cnnbrasil.com.br\/blogs\/caio-junqueira\/nacional\/analise-governos-nao-se-prepararam-para-queimadas\/\" target=\"_self\" rel=\"noopener\"> <picture class=\"read-too__picture\"> <img decoding=\"async\" class=\"read-too__img\" src=\"https:\/\/www.cnnbrasil.com.br\/wp-content\/uploads\/sites\/12\/2024\/08\/FTA20240825088.jpg?w=200\" alt=\"An\u00e1lise: Governos n\u00e3o se prepararam para queimadas\" title=\"An\u00e1lise: Governos n\u00e3o se prepararam para queimadas'\" loading=\"lazy\"\/> <\/picture>\n<h3 class=\"read-too__post-title\">An\u00e1lise: Governos n\u00e3o se prepararam para queimadas<\/h3>\n<p> <\/a><\/li>\n<li class=\"read-too__list-item\"> <a class=\"read-too__link\" href=\"https:\/\/www.cnnbrasil.com.br\/economia\/negocios\/sao-martino-e-raizen-informam-estimativas-de-impacto-dos-incendios-na-producao-de-cana\/\" target=\"_self\" rel=\"noopener\"> <picture class=\"read-too__picture\"> <img decoding=\"async\" class=\"read-too__img\" src=\"https:\/\/www.cnnbrasil.com.br\/wp-content\/uploads\/sites\/12\/Reuters_Direct_Media\/BrazilOnlineReportAgribusinessNews\/tagreuters.com2024binary_LYNXMPEK7Q007-FILEDIMAGE.jpg?w=200\" alt=\"S\u00e3o Martino e Ra\u00edzen informam estimativas de impacto dos inc\u00eandios na produ\u00e7\u00e3o de cana\" title=\"S\u00e3o Martino e Ra\u00edzen informam estimativas de impacto dos inc\u00eandios na produ\u00e7\u00e3o de cana'\" loading=\"lazy\"\/> <\/picture>\n<h3 class=\"read-too__post-title\">S\u00e3o Martino e Ra\u00edzen informam estimativas de impacto dos inc\u00eandios na produ\u00e7\u00e3o de cana<\/h3>\n<p> <\/a><\/li>\n<li class=\"read-too__list-item\"> <a class=\"read-too__link\" href=\"https:\/\/www.cnnbrasil.com.br\/nacional\/saiba-quais-sao-os-estados-que-mais-registraram-focos-de-queimadas-em-2024\/\" target=\"_self\" rel=\"noopener\"> <picture class=\"read-too__picture\"> <img decoding=\"async\" class=\"read-too__img\" src=\"https:\/\/www.cnnbrasil.com.br\/wp-content\/uploads\/sites\/12\/2024\/08\/FTA20240825085.jpg?w=200\" alt=\"Saiba quais s\u00e3o os estados que mais registraram focos de queimadas em 2024\" title=\"Saiba quais s\u00e3o os estados que mais registraram focos de queimadas em 2024'\" loading=\"lazy\"\/> <\/picture>\n<h3 class=\"read-too__post-title\">Saiba quais s\u00e3o os estados que mais registraram focos de queimadas em 2024<\/h3>\n<p> <\/a><\/li>\n<\/aside>\n<p>O setor canavieiro desempenhou um papel crucial nessa opera\u00e7\u00e3o, disponibilizando recursos significativos para o combate aos inc\u00eandios.<\/p>\n<p>\u201cO setor todo canaveiro colocou os seus 1.500 caminh\u00f5es-pipa, 10 mil brigadeiros, aeronaves\u201d, revelou Carvalho, demonstrando a magnitude da mobiliza\u00e7\u00e3o.<\/p>\n<h2>A\u00e7\u00e3o governamental e resultados positivos<\/h2>\n<p>O governo estadual tamb\u00e9m teve participa\u00e7\u00e3o ativa, convocando o Ex\u00e9rcito e ativando os Planos de Aux\u00edlio M\u00fatuo (PAMs) nos munic\u00edpios afetados.<\/p>\n<p>Essa sinergia entre as for\u00e7as p\u00fablicas e privadas resultou em uma resposta r\u00e1pida e eficaz \u00e0 crise.<\/p>\n<p>Carvalho observou que os resultados positivos j\u00e1 s\u00e3o vis\u00edveis: \u201cHoje j\u00e1 est\u00e1 tudo mais acalmado, quer dizer, por a\u00e7\u00f5es efetivas e integradas p\u00fablico-privada\u201d.<\/p>\n<p>No entanto, o especialista ressaltou que ainda h\u00e1 uma \u201cfalta enorme de coordena\u00e7\u00e3o no pa\u00eds\u201d em situa\u00e7\u00f5es similares.<\/p>\n<h2>Agroneg\u00f3cio e os desafios clim\u00e1ticos<\/h2>\n<p>Quando questionado sobre o papel do agroneg\u00f3cio diante dos extremos clim\u00e1ticos, Carvalho reconheceu que o setor \u00e9 tanto v\u00edtima quanto parte do problema.<\/p>\n<p>Ele destacou os eventos clim\u00e1ticos recentes que afetaram diferentes regi\u00f5es do pa\u00eds: \u201cAs chuvas demasiado no sul, a seca demasiado no centro-oeste, que de alguma forma tem a ver com essa l\u00f3gica de La Ni\u00f1a ao El Ni\u00f1o da quest\u00e3o clim\u00e1tica global\u201d.<\/p>\n<p>O presidente da associa\u00e7\u00e3o tamb\u00e9m apontou a vulnerabilidade do agroneg\u00f3cio \u00e0s mudan\u00e7as clim\u00e1ticas, descrevendo-o como uma \u201cind\u00fastria a c\u00e9u aberto\u201d.<\/p>\n<p>Carvalho enfatizou que o clima representa o principal risco para o setor, especialmente em um pa\u00eds onde o seguro rural ainda \u00e9 incipiente.<\/p>\n<div class=\"disclaimer__ai\"> <em>Os textos gerados por intelig\u00eancia artificial na <strong>CNN Brasil<\/strong>\u00a0s\u00e3o feitos com base nos cortes de v\u00eddeos dos jornais de sua programa\u00e7\u00e3o. Todas as informa\u00e7\u00f5es s\u00e3o apuradas e checadas por jornalistas. O texto final tamb\u00e9m passa pela revis\u00e3o da equipe de jornalismo da\u00a0<strong>CNN<\/strong>.\u00a0<a href=\"https:\/\/www.cnnbrasil.com.br\/nacional\/saiba-como-a-cnn-brasil-utiliza-as-ferramentas-de-inteligencia-artificial\/\" target=\"_blank\" rel=\"noopener\">Clique aqui para saber mais<\/a>.<\/em><\/div>\n<\/div>\n<p><br \/>\n<br \/><a href=\"https:\/\/www.cnnbrasil.com.br\/nacional\/solucao-para-as-queimadas-veio-da-integracao-entre-os-setores-publico-e-privado-diz-especialista-a-cnn\/\">Source link <\/a><\/p>\n","protected":false},"excerpt":{"rendered":"<p>A integra\u00e7\u00e3o entre os setores p\u00fablico e privado foi fundamental para conter as queimadas que atingiram o interior do Brasil<\/p>\n","protected":false},"author":1,"featured_media":814,"comment_status":"open","ping_status":"open","sticky":false,"template":"","format":"standard","meta":{"_monsterinsights_skip_tracking":false,"_monsterinsights_sitenote_active":false,"_monsterinsights_sitenote_note":"","_monsterinsights_sitenote_category":0,"_uf_show_specific_survey":0,"_uf_disable_surveys":false,"footnotes":""},"categories":[1],"tags":[],"class_list":["post-813","post","type-post","status-publish","format-standard","has-post-thumbnail","hentry","category-news"],"_links":{"self":[{"href":"https:\/\/agromt.news\/index.php?rest_route=\/wp\/v2\/posts\/813"}],"collection":[{"href":"https:\/\/agromt.news\/index.php?rest_route=\/wp\/v2\/posts"}],"about":[{"href":"https:\/\/agromt.news\/index.php?rest_route=\/wp\/v2\/types\/post"}],"author":[{"embeddable":true,"href":"https:\/\/agromt.news\/index.php?rest_route=\/wp\/v2\/users\/1"}],"replies":[{"embeddable":true,"href":"https:\/\/agromt.news\/index.php?rest_route=%2Fwp%2Fv2%2Fcomments&post=813"}],"version-history":[{"count":0,"href":"https:\/\/agromt.news\/index.php?rest_route=\/wp\/v2\/posts\/813\/revisions"}],"wp:featuredmedia":[{"embeddable":true,"href":"https:\/\/agromt.news\/index.php?rest_route=\/wp\/v2\/media\/814"}],"wp:attachment":[{"href":"https:\/\/agromt.news\/index.php?rest_route=%2Fwp%2Fv2%2Fmedia&parent=813"}],"wp:term":[{"taxonomy":"category","embeddable":true,"href":"https:\/\/agromt.news\/index.php?rest_route=%2Fwp%2Fv2%2Fcategories&post=813"},{"taxonomy":"post_tag","embeddable":true,"href":"https:\/\/agromt.news\/index.php?rest_route=%2Fwp%2Fv2%2Ftags&post=813"}],"curies":[{"name":"wp","href":"https:\/\/api.w.org\/{rel}","templated":true}]}}