{"id":810,"date":"2024-08-26T21:41:45","date_gmt":"2024-08-27T01:41:45","guid":{"rendered":"https:\/\/agromt.news\/?p=810"},"modified":"2024-08-26T21:41:45","modified_gmt":"2024-08-27T01:41:45","slug":"risco-de-incendio-aumenta-em-sao-paulo-nos-proximos-dias","status":"publish","type":"post","link":"https:\/\/agromt.news\/?p=810","title":{"rendered":"Risco de inc\u00eandio aumenta em S\u00e3o Paulo nos pr\u00f3ximos dias"},"content":{"rendered":"<p> <br \/>\n<\/p>\n<div>\n<p>A <a href=\"https:\/\/www.canalrural.com.br\/tag\/defesa-civil\/\">Defesa Civil<\/a> estadual divulgou os mapas de risco para inc\u00eandio no estado para os pr\u00f3ximos dias. Segundo a previs\u00e3o do \u00f3rg\u00e3o, o risco para inc\u00eandio que j\u00e1 configurava situa\u00e7\u00e3o de alerta em 48 cidades do interior passar\u00e1 para situa\u00e7\u00e3o de emerg\u00eancia at\u00e9 o pr\u00f3ximo s\u00e1bado (31), na maior parte do estado.<img decoding=\"async\" src=\"https:\/\/agromt.news\/wp-content\/uploads\/2024\/08\/Risco-de-incendio-aumenta-em-Sao-Paulo-nos-proximos-dias.png\"\/><img decoding=\"async\" src=\"https:\/\/agromt.news\/wp-content\/uploads\/2024\/08\/Risco-de-incendio-aumenta-em-Sao-Paulo-nos-proximos-dias.png\"\/><img decoding=\"async\" src=\"https:\/\/agromt.news\/wp-content\/uploads\/2024\/08\/Risco-de-incendio-aumenta-em-Sao-Paulo-nos-proximos-dias.gif\"\/><img decoding=\"async\" src=\"https:\/\/agromt.news\/wp-content\/uploads\/2024\/08\/Risco-de-incendio-aumenta-em-Sao-Paulo-nos-proximos-dias.gif\"\/><\/p>\n<p><em>Confira na palma da m\u00e3o informa\u00e7\u00f5es quentes sobre agricultura, pecu\u00e1ria, economia e previs\u00e3o do tempo:<\/em><a href=\"https:\/\/www.whatsapp.com\/channel\/0029Va9VnZxGk1FplZjiW43k\"><em> <\/em><strong>siga o Canal Rural no WhatsApp<\/strong><\/a>!<\/p>\n<p>A piora das condi\u00e7\u00f5es come\u00e7ar\u00e1 na regi\u00e3o de Ribeir\u00e3o Preto, onde as\u00a0aulas foram suspensas\u00a0nesta segunda-feira (26), na rede municipal, devido \u00e0 fuligem acumulada pelas queimadas nos \u00faltimos dias. A situa\u00e7\u00e3o de Emerg\u00eancia atingir\u00e1 a \u00e1rea da cidade de Campinas e ficar\u00e1 a menos de 80 quil\u00f4metros do norte e do oeste da Regi\u00e3o Metropolitana de S\u00e3o Paulo.<\/p>\n<\/div>\n<div>\n<h2 class=\"wp-block-heading\" id=\"h-gabinete-de-crise\">Gabinete de crise<\/h2>\n<p>A piora na seca e o aumento dos focos de inc\u00eandio no final da semana passada levou \u00e0\u00a0constitui\u00e7\u00e3o de um gabinete de crise estadual, para coordenar mais de 7 mil trabalhadores, entre bombeiros e membros das For\u00e7as Armadas e civis.<\/p>\n<p>Atuam na regi\u00e3o tr\u00eas helic\u00f3pteros da Pol\u00edcia Militar, uma aeronave KC-390 e dois helic\u00f3pteros da For\u00e7a A\u00e9rea Brasileira e cerca de 30 ve\u00edculos pesados, al\u00e9m de drones, usados principalmente para debelar inc\u00eandios na \u00c1rea de Prote\u00e7\u00e3o Ambiental (APA) de Ibitinga, e de equipamentos e equipes cedidos pela iniciativa privada.<\/p>\n<p>Segundo a Defesa Civil, no momento n\u00e3o h\u00e1 nenhum foco ativo de inc\u00eandio no estado. Dentre as v\u00edtimas das queimadas, houve 66 feridos nos munic\u00edpios de Ribeir\u00e3o Preto e Barretos, al\u00e9m de dois brigadistas mortos, na cidade de Urup\u00eas, em um acidente com caminh\u00e3o durante o combate \u00e0s chamas, na Usina Santa Isabel.<\/p>\n<h2 class=\"wp-block-heading\" id=\"h-prisoes\">Pris\u00f5es<\/h2>\n<p>A Secretaria de Seguran\u00e7a P\u00fablica do estado confirmou tr\u00eas pris\u00f5es. Na manh\u00e3 de s\u00e1bado (24), a Pol\u00edcia Militar deteve um idoso, de 76 anos, ap\u00f3s ele atear fogo em lixo, em uma \u00e1rea de mata no Jardim Maracan\u00e3, em S\u00e3o Jos\u00e9 do Rio Preto.<\/p>\n<p>Na manh\u00e3 de domingo (25), na cidade de Batatais, um homem de 42 anos foi flagrado ateando fogo em uma \u00e1rea de mata. Segundo a Pol\u00edcia Militar, ele disse aos policiais que faz parte de uma fac\u00e7\u00e3o e chegou a gravar um v\u00eddeo comemorando o ato criminoso. Os policiais apreenderam uma garrafa com gasolina e um isqueiro com ele, que tem passagens por roubo, furto, homic\u00eddio e posse de droga.<\/p>\n<p>Hoje, na cidade de Guaraci, na regi\u00e3o de Barretos, foi preso um homem de 26 anos em flagrante por atear fogo em v\u00e1rios pontos de um canavial localizado pr\u00f3ximo \u00e0 \u00e1rea urbana. Com ele, foram apreendidos dois isqueiros.<\/p>\n<p>Al\u00e9m dessas pris\u00f5es, a Pol\u00edcia Militar Ambiental aplicou mais de R$ 15 mil em multas a dois homens, em Porto Ferreira, por inc\u00eandio para limpeza de vegeta\u00e7\u00e3o em \u00c1rea de Preserva\u00e7\u00e3o Permanente. Foram registrados seis autos de infra\u00e7\u00e3o ambiental.<\/p>\n<\/div>\n<p><br \/>\n<br \/><a href=\"https:\/\/www.canalrural.com.br\/nacional\/risco-de-incendio-aumenta-em-sao-paulo-nos-proximos-dias\/\">Source link <\/a><\/p>\n","protected":false},"excerpt":{"rendered":"<p>A Defesa Civil estadual divulgou os mapas de risco para inc\u00eandio no estado para os pr\u00f3ximos dias. Segundo a previs\u00e3o<\/p>\n","protected":false},"author":1,"featured_media":787,"comment_status":"open","ping_status":"open","sticky":false,"template":"","format":"standard","meta":{"_monsterinsights_skip_tracking":false,"_monsterinsights_sitenote_active":false,"_monsterinsights_sitenote_note":"","_monsterinsights_sitenote_category":0,"_uf_show_specific_survey":0,"_uf_disable_surveys":false,"footnotes":""},"categories":[1],"tags":[],"class_list":["post-810","post","type-post","status-publish","format-standard","has-post-thumbnail","hentry","category-news"],"_links":{"self":[{"href":"https:\/\/agromt.news\/index.php?rest_route=\/wp\/v2\/posts\/810"}],"collection":[{"href":"https:\/\/agromt.news\/index.php?rest_route=\/wp\/v2\/posts"}],"about":[{"href":"https:\/\/agromt.news\/index.php?rest_route=\/wp\/v2\/types\/post"}],"author":[{"embeddable":true,"href":"https:\/\/agromt.news\/index.php?rest_route=\/wp\/v2\/users\/1"}],"replies":[{"embeddable":true,"href":"https:\/\/agromt.news\/index.php?rest_route=%2Fwp%2Fv2%2Fcomments&post=810"}],"version-history":[{"count":0,"href":"https:\/\/agromt.news\/index.php?rest_route=\/wp\/v2\/posts\/810\/revisions"}],"wp:featuredmedia":[{"embeddable":true,"href":"https:\/\/agromt.news\/index.php?rest_route=\/wp\/v2\/media\/787"}],"wp:attachment":[{"href":"https:\/\/agromt.news\/index.php?rest_route=%2Fwp%2Fv2%2Fmedia&parent=810"}],"wp:term":[{"taxonomy":"category","embeddable":true,"href":"https:\/\/agromt.news\/index.php?rest_route=%2Fwp%2Fv2%2Fcategories&post=810"},{"taxonomy":"post_tag","embeddable":true,"href":"https:\/\/agromt.news\/index.php?rest_route=%2Fwp%2Fv2%2Ftags&post=810"}],"curies":[{"name":"wp","href":"https:\/\/api.w.org\/{rel}","templated":true}]}}