{"id":8085,"date":"2025-01-16T20:15:04","date_gmt":"2025-01-17T00:15:04","guid":{"rendered":"https:\/\/agromt.news\/?p=8085"},"modified":"2025-01-16T20:15:04","modified_gmt":"2025-01-17T00:15:04","slug":"veja-como-esta-a-colheita-de-soja-no-parana","status":"publish","type":"post","link":"https:\/\/agromt.news\/?p=8085","title":{"rendered":"Veja como est\u00e1 a colheita de soja no Paran\u00e1"},"content":{"rendered":"<p> <br \/>\n<br \/><img decoding=\"async\" src=\"https:\/\/agromt.news\/wp-content\/uploads\/2025\/01\/Veja-como-esta-a-colheita-de-soja-no-Parana.jpg\" \/><\/p>\n<div>\n<p>O Paran\u00e1 estado iniciou a <a href=\"https:\/\/www.canalrural.com.br\/?s=colheita+de+soja\">colheita <\/a>da soja da safra 24\/25, com 2% da \u00e1rea total j\u00e1 em fase de colheita, o que representa mais de 104 mil hectares de soja plantados. Com uma \u00e1rea estimada de 5,8 milh\u00f5es de hectares, a previs\u00e3o inicial de produ\u00e7\u00e3o \u00e9 de 22,2 milh\u00f5es de toneladas. Contudo, essa estimativa pode ser revista no fim de janeiro, dependendo da evolu\u00e7\u00e3o das condi\u00e7\u00f5es clim\u00e1ticas.<\/p>\n<p>A localidade enfrenta desafios devido \u00e0s altas temperaturas e \u00e0 escassez de chuvas regulares, principalmente nas regi\u00f5es Oeste e Sudoeste, que s\u00e3o polos tradicionais de produ\u00e7\u00e3o. Apesar disso, as chuvas mais recentes trouxeram certo al\u00edvio, oferecendo um pequeno respiro para as lavouras que enfrentam momentos cr\u00edticos de desenvolvimento.<\/p>\n<\/div>\n<div>\n<h2 class=\"wp-block-heading\" id=\"h-lavouras-de-soja-no-parana\">Lavouras de soja no Paran\u00e1<\/h2>\n<p>De acordo com o Departamento de Economia Rural (Deral), 83% das lavouras de soja est\u00e3o em boas condi\u00e7\u00f5es, enquanto 15% apresentam desenvolvimento m\u00e9dio e 2% enfrentam condi\u00e7\u00f5es adversas. A previs\u00e3o \u00e9 de que esse cen\u00e1rio continue a ser monitorado, com atualiza\u00e7\u00f5es mensais que podem trazer uma vis\u00e3o mais precisa das perspectivas para o restante da safra.<\/p>\n<p>No final deste m\u00eas, o Deral divulgar\u00e1 novas informa\u00e7\u00f5es sobre a produtividade das \u00e1reas j\u00e1 colhidas e o progresso das lavouras que ainda est\u00e3o em campo. O clima ser\u00e1 um fator crucial para definir a performance final da soja no Paran\u00e1, com poss\u00edveis ajustes nas proje\u00e7\u00f5es de produtividade \u00e0 medida que mais dados se tornem dispon\u00edveis.<\/p>\n<\/p><\/div>\n<p><br \/>\n<br \/><a href=\"https:\/\/www.canalrural.com.br\/agricultura\/projeto-soja-brasil\/veja-como-esta-a-colheita-de-soja-no-parana\/\">Source link <\/a><\/p>\n","protected":false},"excerpt":{"rendered":"<p>O Paran\u00e1 estado iniciou a colheita da soja da safra 24\/25, com 2% da \u00e1rea total j\u00e1 em fase de<\/p>\n","protected":false},"author":1,"featured_media":8086,"comment_status":"open","ping_status":"open","sticky":false,"template":"","format":"standard","meta":{"_monsterinsights_skip_tracking":false,"_monsterinsights_sitenote_active":false,"_monsterinsights_sitenote_note":"","_monsterinsights_sitenote_category":0,"_uf_show_specific_survey":0,"_uf_disable_surveys":false,"footnotes":""},"categories":[1],"tags":[],"class_list":["post-8085","post","type-post","status-publish","format-standard","has-post-thumbnail","hentry","category-news"],"_links":{"self":[{"href":"https:\/\/agromt.news\/index.php?rest_route=\/wp\/v2\/posts\/8085"}],"collection":[{"href":"https:\/\/agromt.news\/index.php?rest_route=\/wp\/v2\/posts"}],"about":[{"href":"https:\/\/agromt.news\/index.php?rest_route=\/wp\/v2\/types\/post"}],"author":[{"embeddable":true,"href":"https:\/\/agromt.news\/index.php?rest_route=\/wp\/v2\/users\/1"}],"replies":[{"embeddable":true,"href":"https:\/\/agromt.news\/index.php?rest_route=%2Fwp%2Fv2%2Fcomments&post=8085"}],"version-history":[{"count":0,"href":"https:\/\/agromt.news\/index.php?rest_route=\/wp\/v2\/posts\/8085\/revisions"}],"wp:featuredmedia":[{"embeddable":true,"href":"https:\/\/agromt.news\/index.php?rest_route=\/wp\/v2\/media\/8086"}],"wp:attachment":[{"href":"https:\/\/agromt.news\/index.php?rest_route=%2Fwp%2Fv2%2Fmedia&parent=8085"}],"wp:term":[{"taxonomy":"category","embeddable":true,"href":"https:\/\/agromt.news\/index.php?rest_route=%2Fwp%2Fv2%2Fcategories&post=8085"},{"taxonomy":"post_tag","embeddable":true,"href":"https:\/\/agromt.news\/index.php?rest_route=%2Fwp%2Fv2%2Ftags&post=8085"}],"curies":[{"name":"wp","href":"https:\/\/api.w.org\/{rel}","templated":true}]}}