{"id":8081,"date":"2025-01-16T18:50:35","date_gmt":"2025-01-16T22:50:35","guid":{"rendered":"https:\/\/agromt.news\/?p=8081"},"modified":"2025-01-16T18:50:35","modified_gmt":"2025-01-16T22:50:35","slug":"ibama-amplia-frota-de-aeronaves-para-reforcar-combate-a-crimes-ambientais","status":"publish","type":"post","link":"https:\/\/agromt.news\/?p=8081","title":{"rendered":"Ibama amplia frota de aeronaves para refor\u00e7ar combate a crimes ambientais"},"content":{"rendered":"<p> <br \/>\n<br \/><img decoding=\"async\" src=\"https:\/\/agromt.news\/wp-content\/uploads\/2025\/01\/Ibama-amplia-frota-de-aeronaves-para-reforcar-combate-a-crimes.jpeg\" \/><\/p>\n<div>\n<p>O <strong><a href=\"https:\/\/www.canalrural.com.br\/tag\/ibama\/\">Instituto Brasileiro do Meio Ambiente e dos Recursos Naturais Renov\u00e1veis (Ibama)<\/a><\/strong> recebeu, nesta quinta-feira (16), sete helic\u00f3pteros modelo AW119 Koala. As novas aeronaves refor\u00e7am a capacidade de fiscaliza\u00e7\u00e3o ambiental, combate ao desmatamento, garimpo ilegal e preven\u00e7\u00e3o de inc\u00eandios florestais, especialmente na regi\u00e3o amaz\u00f4nica.<\/p>\n<p>De acordo com o Minist\u00e9rio do Meio Ambiente e Mudan\u00e7a do Clima, o investimento, realizado por meio de um arrendamento anual de R$ 130 milh\u00f5es, inclui 5 mil horas de voo por ano. Al\u00e9m de fortalecer a fiscaliza\u00e7\u00e3o, os helic\u00f3pteros tamb\u00e9m ser\u00e3o utilizados em opera\u00e7\u00f5es de resgate, enchentes e outros desastres clim\u00e1ticos.<\/p>\n<p>A ministra Marina Silva participou da cerim\u00f4nia de entrega e destacou a import\u00e2ncia do refor\u00e7o na infraestrutura do Ibama.<\/p>\n<blockquote class=\"wp-block-quote is-layout-flow wp-block-quote-is-layout-flow\">\n<p>\u201cIsso n\u00e3o \u00e9 custo, \u00e9 um investimento. Proteger o capital natural do pa\u00eds \u00e9 essencial, especialmente neste momento de aquecimento global e eventos clim\u00e1ticos extremos\u201d, afirmou a ministra.<\/p>\n<\/blockquote>\n<p>Marina tamb\u00e9m elogiou a atua\u00e7\u00e3o do presidente do Ibama, Rodrigo Agostin, e da diretoria de prote\u00e7\u00e3o ambiental, destacando o compromisso do governo federal com o enfrentamento das mudan\u00e7as clim\u00e1ticas.<\/p>\n<\/div>\n<div>\n<h2 class=\"wp-block-heading\" id=\"h-modernizacao-e-ampliacao-da-atuacao\">Moderniza\u00e7\u00e3o e amplia\u00e7\u00e3o da atua\u00e7\u00e3o<\/h2>\n<p>As aeronaves substituir\u00e3o parte da frota antiga e come\u00e7ar\u00e3o a operar na pr\u00f3xima semana. Segundo Rodrigo Agostin, presidente do Ibama, os helic\u00f3pteros aumentam em quase 50% a capacidade operacional do \u00f3rg\u00e3o.<\/p>\n<blockquote class=\"wp-block-quote is-layout-flow wp-block-quote-is-layout-flow\">\n<p>\u201cAgora, conseguimos atuar em \u00e1reas antes inacess\u00edveis devido \u00e0s dificuldades log\u00edsticas e operacionais. Esse avan\u00e7o marca uma nova etapa no combate ao desmatamento e \u00e0s pr\u00e1ticas ilegais\u201d, declarou Agostin.<\/p>\n<\/blockquote>\n<p>Al\u00e9m da aquisi\u00e7\u00e3o das aeronaves, o Ibama tamb\u00e9m abriu um concurso para a contrata\u00e7\u00e3o de mais de 400 novos servidores, que atuar\u00e3o junto ao <strong><a href=\"https:\/\/www.canalrural.com.br\/tag\/icmbio\/\">Instituto Chico Mendes de Conserva\u00e7\u00e3o da Biodiversidade (ICMBio)<\/a><\/strong>, ampliando ainda mais a for\u00e7a de trabalho na prote\u00e7\u00e3o ambiental.<\/p>\n<p>A chegada dos helic\u00f3pteros \u00e9 mais um esfor\u00e7o para conter o avan\u00e7o do desmatamento e fortalecer a fiscaliza\u00e7\u00e3o ambiental em um momento crucial para a preserva\u00e7\u00e3o dos recursos naturais do Brasil.<\/p>\n<\/p><\/div>\n<p><br \/>\n<br \/><a href=\"https:\/\/www.canalrural.com.br\/cop30\/ibama-amplia-frota-de-aeronaves-para-reforcar-combate-a-crimes-ambientais\/\">Source link <\/a><\/p>\n","protected":false},"excerpt":{"rendered":"<p>O Instituto Brasileiro do Meio Ambiente e dos Recursos Naturais Renov\u00e1veis (Ibama) recebeu, nesta quinta-feira (16), sete helic\u00f3pteros modelo AW119<\/p>\n","protected":false},"author":1,"featured_media":8082,"comment_status":"open","ping_status":"open","sticky":false,"template":"","format":"standard","meta":{"_monsterinsights_skip_tracking":false,"_monsterinsights_sitenote_active":false,"_monsterinsights_sitenote_note":"","_monsterinsights_sitenote_category":0,"_uf_show_specific_survey":0,"_uf_disable_surveys":false,"footnotes":""},"categories":[1],"tags":[],"class_list":["post-8081","post","type-post","status-publish","format-standard","has-post-thumbnail","hentry","category-news"],"_links":{"self":[{"href":"https:\/\/agromt.news\/index.php?rest_route=\/wp\/v2\/posts\/8081"}],"collection":[{"href":"https:\/\/agromt.news\/index.php?rest_route=\/wp\/v2\/posts"}],"about":[{"href":"https:\/\/agromt.news\/index.php?rest_route=\/wp\/v2\/types\/post"}],"author":[{"embeddable":true,"href":"https:\/\/agromt.news\/index.php?rest_route=\/wp\/v2\/users\/1"}],"replies":[{"embeddable":true,"href":"https:\/\/agromt.news\/index.php?rest_route=%2Fwp%2Fv2%2Fcomments&post=8081"}],"version-history":[{"count":0,"href":"https:\/\/agromt.news\/index.php?rest_route=\/wp\/v2\/posts\/8081\/revisions"}],"wp:featuredmedia":[{"embeddable":true,"href":"https:\/\/agromt.news\/index.php?rest_route=\/wp\/v2\/media\/8082"}],"wp:attachment":[{"href":"https:\/\/agromt.news\/index.php?rest_route=%2Fwp%2Fv2%2Fmedia&parent=8081"}],"wp:term":[{"taxonomy":"category","embeddable":true,"href":"https:\/\/agromt.news\/index.php?rest_route=%2Fwp%2Fv2%2Fcategories&post=8081"},{"taxonomy":"post_tag","embeddable":true,"href":"https:\/\/agromt.news\/index.php?rest_route=%2Fwp%2Fv2%2Ftags&post=8081"}],"curies":[{"name":"wp","href":"https:\/\/api.w.org\/{rel}","templated":true}]}}