{"id":8080,"date":"2025-01-16T18:49:26","date_gmt":"2025-01-16T22:49:26","guid":{"rendered":"https:\/\/agromt.news\/?p=8080"},"modified":"2025-01-16T18:49:26","modified_gmt":"2025-01-16T22:49:26","slug":"quais-sao-as-principais-pragas-que-ameacam-o-trigo","status":"publish","type":"post","link":"https:\/\/agromt.news\/?p=8080","title":{"rendered":"Quais s\u00e3o as principais pragas que amea\u00e7am o trigo?"},"content":{"rendered":"<p> <br \/>\n<\/p>\n<div>\n<p style=\"text-align:justify\">A cultura do <a href=\"https:\/\/www.agrolink.com.br\/culturas\/trigo\/?utm_source=agrolink-detalhe-noticia&amp;utm_medium=detalhe-noticia&amp;utm_campaign=links-internos\" target=\"_blank\" rel=\"noopener\">trigo<\/a> \u00e9 uma das mais relevantes no cen\u00e1rio global, devido \u00e0 sua import\u00e2ncia como base na produ\u00e7\u00e3o de alimentos. Com presen\u00e7a marcante em diversas regi\u00f5es do mundo, esse cereal enfrenta desafios recorrentes causados por pragas que podem comprometer a produtividade e a qualidade da colheita.&#13;\n<\/p>\n<p style=\"text-align:justify\">De acordo com informa\u00e7\u00f5es divulgadas pelo Blog da Aegro, as pragas que afetam o trigo variam conforme a localiza\u00e7\u00e3o da produ\u00e7\u00e3o, mas podem ser agrupadas em duas categorias principais: pragas de campo e pragas de armazenamento. Entre os insetos que mais impactam a cultura est\u00e3o pulg\u00f5es, lagartas, percevejos, cor\u00f3s e gorgulhos. Conhe\u00e7a as principais amea\u00e7as e como elas interferem na triticultura:<\/p>\n<p style=\"text-align:justify\"><strong>Pulg\u00f5es<\/strong><br \/>&#13;<br \/>\nOs pulg\u00f5es s\u00e3o pequenos insetos que sugam a seiva da planta, resultando em perda de vigor, menor germina\u00e7\u00e3o das sementes, redu\u00e7\u00e3o do n\u00famero e peso dos gr\u00e3os e at\u00e9 falhas nas espigas. As esp\u00e9cies mais comuns incluem:<\/p>\n<ul>&#13;<\/p>\n<li style=\"text-align: justify;\">Pulg\u00e3o-do-colmo-do-trigo (Rhopalosiphum padi)<\/li>\n<p>&#13;<\/p>\n<li style=\"text-align: justify;\">Pulg\u00e3o-da-folha-do-trigo (Metopolophium dirhodum)<\/li>\n<p>&#13;<\/p>\n<li style=\"text-align: justify;\">Pulg\u00e3o-da-espiga-do-trigo (Sitobion avenae)<\/li>\n<p>&#13;<\/p>\n<li style=\"text-align: justify;\">Pulg\u00e3o-verde-dos-cereais (Schizaphis graminum)<\/li>\n<p>&#13;\n<\/ul>\n<p style=\"text-align:justify\"><strong>Lagartas Desfolhadoras<\/strong><br \/>&#13;<br \/>\nAs lagartas, especialmente da fam\u00edlia Noctuidae, atacam desde as pl\u00e2ntulas at\u00e9 as espigas, podendo causar danos se n\u00e3o controladas. As esp\u00e9cies mais frequentes s\u00e3o:<\/p>\n<ul>&#13;<\/p>\n<li style=\"text-align: justify;\">Lagarta-do-trigo (Pseudaletia adultera)<\/li>\n<p>&#13;<\/p>\n<li style=\"text-align: justify;\">Lagarta-do-trigo (Pseudaletia sequax)<\/li>\n<p>&#13;<\/p>\n<li style=\"text-align: justify;\">Lagarta-militar (Spodoptera frugiperda)<\/li>\n<p>&#13;\n<\/ul>\n<p style=\"text-align:justify\"><strong>Percevejos<\/strong><br \/>&#13;<br \/>\nOs percevejos do g\u00eanero Dichelops, conhecidos como percevejos-barriga-verde, s\u00e3o pragas importantes na fase de emborrachamento do trigo. Eles causam redu\u00e7\u00e3o no desenvolvimento das plantas e m\u00e1 forma\u00e7\u00e3o das espigas. As esp\u00e9cies mais comuns incluem:&#13;\n<\/p>\n<ul>&#13;<\/p>\n<li style=\"text-align: justify;\">Dichelops furcatus<\/li>\n<p>&#13;<\/p>\n<li style=\"text-align: justify;\">Dichelops melacanthus<\/li>\n<p>&#13;\n<\/ul>\n<p style=\"text-align:justify\"><strong>Cor\u00f3s<\/strong><br \/>&#13;<br \/>\nConsiderados as pragas de solo mais danosas, os cor\u00f3s se alojam a at\u00e9 10 cm de profundidade e atacam sementes, ra\u00edzes e pl\u00e2ntulas. Eles s\u00e3o capazes de puxar as plantas para dentro do solo, causando perdas significativas. Entre as esp\u00e9cies, destacam-se:<\/p>\n<ul>&#13;<\/p>\n<li style=\"text-align: justify;\">Cor\u00f3-das-pastagens (Diloboderus abderus)<\/li>\n<p>&#13;<\/p>\n<li style=\"text-align: justify;\">Cor\u00f3-do-trigo (Phyllophaga triticophaga)<\/li>\n<p>&#13;\n<\/ul>\n<p style=\"text-align:justify\">Essas pragas podem estar presentes desde a implanta\u00e7\u00e3o da lavoura at\u00e9 o armazenamento do gr\u00e3o. Para mitigar os danos, \u00e9 essencial adotar pr\u00e1ticas como:<\/p>\n<ul>&#13;<\/p>\n<li style=\"text-align: justify;\">Monitoramento constante das \u00e1reas cultivadas;<\/li>\n<p>&#13;<\/p>\n<li style=\"text-align: justify;\">Uso de inseticidas espec\u00edficos e manejo integrado de pragas;<\/li>\n<p>&#13;<\/p>\n<li style=\"text-align: justify;\">Rota\u00e7\u00f5es de culturas e controle biol\u00f3gico com inimigos naturais.<\/li>\n<p>&#13;\n<\/ul>\n<p style=\"text-align:justify\">Com a aplica\u00e7\u00e3o de estrat\u00e9gias de controle eficazes e manejo adequado, a produ\u00e7\u00e3o de trigo pode ser mantida em n\u00edveis satisfat\u00f3rios, assegurando o abastecimento e a qualidade do produto final.<\/p>\n<\/p><\/div>\n<p><script data-cfasync=\"false\">\n    !function (f, b, e, v, n, t, s) {\n        if (f.fbq) return; n = f.fbq = function () {\n            n.callMethod ?\n                n.callMethod.apply(n, arguments) : n.queue.push(arguments)\n        };\n        if (!f._fbq) f._fbq = n; n.push = n; n.loaded = !0; n.version = '2.0';\n        n.queue = []; t = b.createElement(e); t.async = !0;\n        t.src = v; s = b.getElementsByTagName(e)[0];\n        s.parentNode.insertBefore(t, s)\n    }(window, document, 'script',\n        'https:\/\/connect.facebook.net\/en_US\/fbevents.js');\n    fbq('init', '522546078623747');\n    fbq('track', 'PageView');\n<\/script><br \/>\n<br \/><br \/>\n<br \/><a href=\"https:\/\/www.agrolink.com.br\/noticias\/quais-sao-as-principais-pragas-que-ameacam-o-trigo-_498455.html\">Source link <\/a><\/p>\n","protected":false},"excerpt":{"rendered":"<p>A cultura do trigo \u00e9 uma das mais relevantes no cen\u00e1rio global, devido \u00e0 sua import\u00e2ncia como base na produ\u00e7\u00e3o<\/p>\n","protected":false},"author":1,"featured_media":1137,"comment_status":"open","ping_status":"open","sticky":false,"template":"","format":"standard","meta":{"_monsterinsights_skip_tracking":false,"_monsterinsights_sitenote_active":false,"_monsterinsights_sitenote_note":"","_monsterinsights_sitenote_category":0,"_uf_show_specific_survey":0,"_uf_disable_surveys":false,"footnotes":""},"categories":[8,1,14],"tags":[],"class_list":["post-8080","post","type-post","status-publish","format-standard","has-post-thumbnail","hentry","category-agro","category-news","category-politica-agro"],"_links":{"self":[{"href":"https:\/\/agromt.news\/index.php?rest_route=\/wp\/v2\/posts\/8080"}],"collection":[{"href":"https:\/\/agromt.news\/index.php?rest_route=\/wp\/v2\/posts"}],"about":[{"href":"https:\/\/agromt.news\/index.php?rest_route=\/wp\/v2\/types\/post"}],"author":[{"embeddable":true,"href":"https:\/\/agromt.news\/index.php?rest_route=\/wp\/v2\/users\/1"}],"replies":[{"embeddable":true,"href":"https:\/\/agromt.news\/index.php?rest_route=%2Fwp%2Fv2%2Fcomments&post=8080"}],"version-history":[{"count":0,"href":"https:\/\/agromt.news\/index.php?rest_route=\/wp\/v2\/posts\/8080\/revisions"}],"wp:featuredmedia":[{"embeddable":true,"href":"https:\/\/agromt.news\/index.php?rest_route=\/wp\/v2\/media\/1137"}],"wp:attachment":[{"href":"https:\/\/agromt.news\/index.php?rest_route=%2Fwp%2Fv2%2Fmedia&parent=8080"}],"wp:term":[{"taxonomy":"category","embeddable":true,"href":"https:\/\/agromt.news\/index.php?rest_route=%2Fwp%2Fv2%2Fcategories&post=8080"},{"taxonomy":"post_tag","embeddable":true,"href":"https:\/\/agromt.news\/index.php?rest_route=%2Fwp%2Fv2%2Ftags&post=8080"}],"curies":[{"name":"wp","href":"https:\/\/api.w.org\/{rel}","templated":true}]}}