{"id":808,"date":"2024-08-26T20:56:29","date_gmt":"2024-08-27T00:56:29","guid":{"rendered":"https:\/\/agromt.news\/?p=808"},"modified":"2024-08-26T20:56:29","modified_gmt":"2024-08-27T00:56:29","slug":"abag-acompanha-com-preocupacao-ocorrencia-de-incendios-florestais-no-interior-de-sao-paulo","status":"publish","type":"post","link":"https:\/\/agromt.news\/?p=808","title":{"rendered":"Abag acompanha com preocupa\u00e7\u00e3o ocorr\u00eancia de inc\u00eandios florestais no interior de S\u00e3o Paulo"},"content":{"rendered":"<p> <br \/>\n<br \/><img decoding=\"async\" src=\"https:\/\/agromt.news\/wp-content\/uploads\/2024\/08\/Abag-acompanha-com-preocupacao-ocorrencia-de-incendios-florestais-no-interior.jpeg\" \/><\/p>\n<div>\n<p>A Abag (Associa\u00e7\u00e3o Brasileira do Agroneg\u00f3cio) acompanha com preocupa\u00e7\u00e3o a ocorr\u00eancia de inc\u00eandios que t\u00eam afetado regi\u00f5es de mata e \u00e1reas de cultivo agr\u00edcola no interior de S\u00e3o Paulo.<\/p>\n<p><em>Confira na palma da m\u00e3o informa\u00e7\u00f5es quentes sobre agricultura, pecu\u00e1ria, economia e previs\u00e3o do tempo:<\/em><a href=\"https:\/\/www.whatsapp.com\/channel\/0029Va9VnZxGk1FplZjiW43k\"><em> <\/em><strong>siga o Canal Rural no WhatsApp<\/strong><\/a>!<\/p>\n<p>Em nota, a entidade salientou que j\u00e1 est\u00e1 em curso um louv\u00e1vel e necess\u00e1rio esfor\u00e7o conjunto, envolvendo iniciativa privada, prefeituras, governos estadual e federal, sob a coordena\u00e7\u00e3o do governador Tarc\u00edsio Freitas, para enfrentamento ao fogo, que coloca em risco vidas e o meio ambiente, causando preju\u00edzos para produtores rurais, empresas, cooperativas e munic\u00edpios, al\u00e9m de impactos negativos \u00e0 sa\u00fade humana.<\/p>\n<\/div>\n<div>\n<p>Prossegue a nota:<\/p>\n<p>Reconhecemos tamb\u00e9m a atua\u00e7\u00e3o diligente da pol\u00edcia de S\u00e3o Paulo, que j\u00e1 identificou e prendeu pessoas suspeitas de envolvimento em inc\u00eandios criminosos em Porto Ferreira, Batatais e S\u00e3o Jos\u00e9 do Rio Preto. A\u00e7\u00e3o semelhante aconteceu tamb\u00e9m em Goi\u00e1s, onde os inc\u00eandios em \u00e1reas de mata, de cultivo e de pecu\u00e1ria tamb\u00e9m est\u00e3o sendo debelados pela a\u00e7\u00e3o do estado e de produtores rurais.<\/p>\n<p>Em face das condi\u00e7\u00f5es clim\u00e1ticas que estamos atravessando especialmente nas regi\u00f5es Sudeste e Centro-Oeste, onde h\u00e1 alertas para baixa umidade \u00e9 necess\u00e1rio o engajamento de toda a sociedade para que sejam evitadas situa\u00e7\u00f5es que aumentam o risco de inc\u00eandio. Conclamamos ve\u00edculos de comunica\u00e7\u00e3o a orientar a popula\u00e7\u00e3o quanto ao comportamento seguro, para potencializar o alcance das campanhas de preven\u00e7\u00e3o a inc\u00eandios que j\u00e1 s\u00e3o realizadas por empresas, cooperativas e poder p\u00fablico.<\/p>\n<p>\u00c0s pessoas e organiza\u00e7\u00f5es que sofreram preju\u00edzos causados pelos inc\u00eandios, manifestamos nossa solidariedade. A ABAG est\u00e1 \u00e0 disposi\u00e7\u00e3o do poder p\u00fablico para continuar colaborando com a\u00e7\u00f5es de preven\u00e7\u00e3o e no planejamento de medidas de mitiga\u00e7\u00e3o dos impactos do fogo em regi\u00f5es de mata e em \u00e1reas de cultivo, necess\u00e1rias para conserva\u00e7\u00e3o da biodiversidade e para a seguran\u00e7a energ\u00e9tica e alimentar do Brasil.<\/p>\n<\/div>\n<p><br \/>\n<br \/><a href=\"https:\/\/www.canalrural.com.br\/agricultura\/abag-acompanha-com-preocupacao-ocorrencia-de-incendios-florestais-no-interior-de-sao-paulo\/\">Source link <\/a><\/p>\n","protected":false},"excerpt":{"rendered":"<p>A Abag (Associa\u00e7\u00e3o Brasileira do Agroneg\u00f3cio) acompanha com preocupa\u00e7\u00e3o a ocorr\u00eancia de inc\u00eandios que t\u00eam afetado regi\u00f5es de mata e<\/p>\n","protected":false},"author":1,"featured_media":809,"comment_status":"open","ping_status":"open","sticky":false,"template":"","format":"standard","meta":{"_monsterinsights_skip_tracking":false,"_monsterinsights_sitenote_active":false,"_monsterinsights_sitenote_note":"","_monsterinsights_sitenote_category":0,"_uf_show_specific_survey":0,"_uf_disable_surveys":false,"footnotes":""},"categories":[1],"tags":[],"class_list":["post-808","post","type-post","status-publish","format-standard","has-post-thumbnail","hentry","category-news"],"_links":{"self":[{"href":"https:\/\/agromt.news\/index.php?rest_route=\/wp\/v2\/posts\/808"}],"collection":[{"href":"https:\/\/agromt.news\/index.php?rest_route=\/wp\/v2\/posts"}],"about":[{"href":"https:\/\/agromt.news\/index.php?rest_route=\/wp\/v2\/types\/post"}],"author":[{"embeddable":true,"href":"https:\/\/agromt.news\/index.php?rest_route=\/wp\/v2\/users\/1"}],"replies":[{"embeddable":true,"href":"https:\/\/agromt.news\/index.php?rest_route=%2Fwp%2Fv2%2Fcomments&post=808"}],"version-history":[{"count":0,"href":"https:\/\/agromt.news\/index.php?rest_route=\/wp\/v2\/posts\/808\/revisions"}],"wp:featuredmedia":[{"embeddable":true,"href":"https:\/\/agromt.news\/index.php?rest_route=\/wp\/v2\/media\/809"}],"wp:attachment":[{"href":"https:\/\/agromt.news\/index.php?rest_route=%2Fwp%2Fv2%2Fmedia&parent=808"}],"wp:term":[{"taxonomy":"category","embeddable":true,"href":"https:\/\/agromt.news\/index.php?rest_route=%2Fwp%2Fv2%2Fcategories&post=808"},{"taxonomy":"post_tag","embeddable":true,"href":"https:\/\/agromt.news\/index.php?rest_route=%2Fwp%2Fv2%2Ftags&post=808"}],"curies":[{"name":"wp","href":"https:\/\/api.w.org\/{rel}","templated":true}]}}