{"id":8078,"date":"2025-01-16T17:16:30","date_gmt":"2025-01-16T21:16:30","guid":{"rendered":"https:\/\/agromt.news\/?p=8078"},"modified":"2025-01-16T17:16:30","modified_gmt":"2025-01-16T21:16:30","slug":"como-sera-o-clima-no-brasil-em-janeiro","status":"publish","type":"post","link":"https:\/\/agromt.news\/?p=8078","title":{"rendered":"Como ser\u00e1 o clima no Brasil em janeiro?"},"content":{"rendered":"<p> <br \/>\n<\/p>\n<div>\n<p>A previs\u00e3o indica chuvas concentradas em grande parte das Regi\u00f5es Norte, Nordeste e Sul do pa\u00eds<\/p>\n<div class=\"materia\">\n<p>A previs\u00e3o do Instituto Nacional de Meteorologia (Inmet) para o m\u00eas de janeiro indica chuvas entre a m\u00e9dia climatol\u00f3gica (tom cinza) e acima da m\u00e9dia (tom azul) em grande parte das Regi\u00f5es Norte, Sul e do leste e norte do Nordeste. No entanto, em algumas \u00e1reas dessas Regi\u00f5es, como Rond\u00f4nia, sudeste e norte do Par\u00e1, sul e norte do Tocantins, regi\u00e3o central do Maranh\u00e3o, oeste da Bahia e sul do Rio Grande do Sul, os acumulados poder\u00e3o variar entre pr\u00f3ximo e abaixo da m\u00e9dia hist\u00f3rica, conforme representado pelos tons cinza e amarelo no mapa da Figura 1a.<\/p>\n<p>Por outro lado, em S\u00e3o Paulo e \u00e1reas localizadas no centro-sul do Rio de Janeiro, os acumulados poder\u00e3o ficar na normalidade ou acima da m\u00e9dia (tons azuis), enquanto que Minas Gerais e Espirito Santo poder\u00e3o registrar precipita\u00e7\u00e3o abaixo da m\u00e9dia (tom amarelo).<\/p>\n<p>Na Regi\u00e3o Centro-Oeste, a previs\u00e3o aponta para precipita\u00e7\u00e3o dentro da normalidade e acima da m\u00e9dia em grande parte do Mato Grosso e Mato Grosso do Sul. Por\u00e9m, em Goi\u00e1s e \u00e1reas no noroeste e sudeste do Mato Grosso do Sul, os volumes de chuva podem ficar abaixo da climatologia.<\/p>\n<p><strong>TEMPERATURA<\/strong><\/p>\n<p>Quanto \u00e0s temperaturas, a previs\u00e3o indica que dever\u00e3o ser acima da m\u00e9dia em grande parte do pa\u00eds (tons em amarelo e laranja no mapa da Figura 1b), com possibilidade de ocorr\u00eancia de alguns dias de calor em excesso (tons em vermelho), principalmente no norte do pa\u00eds, onde as temperaturas m\u00e9dias do ar podem ultrapassar os 28\u00baC.<\/p>\n<p>Em \u00e1reas pontuais do Amazonas, Amap\u00e1, sudoeste do Paran\u00e1, leste de Santa Catarina e sul do Rio Grande do Sul, s\u00e3o previstas temperaturas pr\u00f3ximas ou ligeiramente abaixo da m\u00e9dia (tons em cinza e azuis no mapa da Figura 1b), devido a ocorr\u00eancia de dias consecutivos com chuva que podem amenizar a temperatura.<\/p>\n<div class=\"image-center\">\n<figure class=\"image-captioned\"><img decoding=\"async\" alt=\"inmet clima janeiro 2025\" src=\"https:\/\/cdn.noticiasagricolas.com.br\/dbimagens\/thumbs\/800x2000\/inmet-clima-janeiro-2025-NTTAT.jpg\"\/><figcaption>inmet clima janeiro 2025<\/figcaption><\/figure>\n<\/div><\/div>\n<div class=\"grupo-whatsapp\">\n      J\u00e1 segue nosso Canal oficial no WhatsApp? <a href=\"https:\/\/bit.ly\/Canal_NA\" target=\"_blank\" rel=\"noopener\"><strong>Clique Aqui<\/strong><\/a> para receber em primeira m\u00e3o as principais not\u00edcias do agroneg\u00f3cio\n    <\/div>\n<\/p><\/div>\n<p><script async defer src=\"https:\/\/connect.facebook.net\/en_US\/sdk.js\" type=\"de55d664b7e26ee56695a23e-text\/javascript\"><\/script><script type=\"de55d664b7e26ee56695a23e-text\/javascript\">\n  !function(f,b,e,v,n,t,s)\n  {if(f.fbq)return;n=f.fbq=function(){n.callMethod?\n    n.callMethod.apply(n,arguments):n.queue.push(arguments)};\n    if(!f._fbq)f._fbq=n;n.push=n;n.loaded=!0;n.version='2.0';\n    n.queue=[];t=b.createElement(e);t.async=!0;\n    t.src=v;s=b.getElementsByTagName(e)[0];\n    s.parentNode.insertBefore(t,s)}(window, document,'script',\n    'https:\/\/connect.facebook.net\/en_US\/fbevents.js');\n  fbq('init', '153495679422335');\n  fbq('track', 'PageView');\n<\/script><br \/>\n<br \/><br \/>\n<br \/><a href=\"https:\/\/www.noticiasagricolas.com.br\/noticias\/clima\/391617-como-sera-o-clima-no-brasil-em-janeiro.html\">Source link <\/a><\/p>\n","protected":false},"excerpt":{"rendered":"<p>A previs\u00e3o indica chuvas concentradas em grande parte das Regi\u00f5es Norte, Nordeste e Sul do pa\u00eds A previs\u00e3o do Instituto<\/p>\n","protected":false},"author":1,"featured_media":8079,"comment_status":"open","ping_status":"open","sticky":false,"template":"","format":"standard","meta":{"_monsterinsights_skip_tracking":false,"_monsterinsights_sitenote_active":false,"_monsterinsights_sitenote_note":"","_monsterinsights_sitenote_category":0,"_uf_show_specific_survey":0,"_uf_disable_surveys":false,"footnotes":""},"categories":[8,1,14,16],"tags":[],"class_list":["post-8078","post","type-post","status-publish","format-standard","has-post-thumbnail","hentry","category-agro","category-news","category-politica-agro","category-safra"],"_links":{"self":[{"href":"https:\/\/agromt.news\/index.php?rest_route=\/wp\/v2\/posts\/8078"}],"collection":[{"href":"https:\/\/agromt.news\/index.php?rest_route=\/wp\/v2\/posts"}],"about":[{"href":"https:\/\/agromt.news\/index.php?rest_route=\/wp\/v2\/types\/post"}],"author":[{"embeddable":true,"href":"https:\/\/agromt.news\/index.php?rest_route=\/wp\/v2\/users\/1"}],"replies":[{"embeddable":true,"href":"https:\/\/agromt.news\/index.php?rest_route=%2Fwp%2Fv2%2Fcomments&post=8078"}],"version-history":[{"count":0,"href":"https:\/\/agromt.news\/index.php?rest_route=\/wp\/v2\/posts\/8078\/revisions"}],"wp:featuredmedia":[{"embeddable":true,"href":"https:\/\/agromt.news\/index.php?rest_route=\/wp\/v2\/media\/8079"}],"wp:attachment":[{"href":"https:\/\/agromt.news\/index.php?rest_route=%2Fwp%2Fv2%2Fmedia&parent=8078"}],"wp:term":[{"taxonomy":"category","embeddable":true,"href":"https:\/\/agromt.news\/index.php?rest_route=%2Fwp%2Fv2%2Fcategories&post=8078"},{"taxonomy":"post_tag","embeddable":true,"href":"https:\/\/agromt.news\/index.php?rest_route=%2Fwp%2Fv2%2Ftags&post=8078"}],"curies":[{"name":"wp","href":"https:\/\/api.w.org\/{rel}","templated":true}]}}