{"id":8068,"date":"2025-01-16T12:13:33","date_gmt":"2025-01-16T16:13:33","guid":{"rendered":"https:\/\/agromt.news\/?p=8068"},"modified":"2025-01-16T12:13:33","modified_gmt":"2025-01-16T16:13:33","slug":"pix-liberado-governo-desiste-de-vigiar","status":"publish","type":"post","link":"https:\/\/agromt.news\/?p=8068","title":{"rendered":"PIX LIBERADO! Governo desiste de vigiar"},"content":{"rendered":"<p> <br \/>\n<\/p>\n<div>\n<div class=\"row\">\n<div class=\"col-lg col-infos mt-3 mt-lg-0\">\n<div class=\"section-sub-title\">\n<p itemprop=\"description\">&#13;<br \/>\n                                Governo alegou que as fake news prejudicaram o projeto&#13;\n                            <\/p>\n<\/p><\/div>\n<div class=\"container\">\n<div class=\"row\">\n<div class=\"col-lg p-0\">\n<div>\n<div class=\"block-news-main-infos mt-3 text-start\">\n<p>                                            <strong class=\"fn\" itemprop=\"author\" style=\"color: rgb(112, 112, 112); \">&#13;<br \/>\n                                                <a href=\"https:\/\/www.agrolink.com.br\/noticias\/javascript:;\" class=\"text-uppercase\" target=\"_blank\" style=\"color: rgb(112, 112, 112); \" rel=\"noopener\">Agrolink<\/a>&#13;<br \/>\n&#13;<br \/>\n                                                    &#8211; Leonardo Gottems&#13;<br \/>\n&#13;<br \/>\n                                            <\/strong><br \/>\n                                        <\/p>\n<p>                                            <abbr><time datetime=\"2025-01-15T17:18\" itemprop=\"datePublished dateModified\">Publicado em 15\/01\/2025 \u00e0s 17:18h.<\/time><\/abbr><br \/>\n                                            <\/p><\/div>\n<\/p><\/div>\n<\/p><\/div>\n<div class=\"col-lg p-0 text-lg-end\">\n<div>\n<div id=\"mdEnviarPagina\" class=\"modal fade\" role=\"dialog\">\n<div class=\"modal-dialog\">\n<div class=\"modal-content\">\n<div class=\"modal-body\">\n<p><strong>Estimado usu\u00e1rio.<\/strong><br \/>Preencha o formul\u00e1rio abaixo para remeter a p\u00e1gina.<\/p>\n<\/p><\/div>\n<\/p><\/div>\n<\/p><\/div>\n<\/div><\/div>\n<\/p><\/div>\n<\/p><\/div>\n<\/p><\/div>\n<\/p><\/div>\n<\/p><\/div>\n<div class=\"row justify-content-md-center mt-3\">\n<div class=\"col-lg-auto col-image  block-news-main-image d-none d-md-block\">\n<p>                                <img decoding=\"async\" src=\"https:\/\/www.agrolink.com.br\/upload\/imagens-resizes\/09339875a699434b85a4d71e2a2393cc_858x483.jpg\" class=\"lazyload \" alt=\"Movimenta\u00e7\u00f5es acima de R$ 5 mil seriam informadas \u00e0 Receita Federal\"\/><br \/>\n                                                <span class=\"d-block mt-1\">Movimenta\u00e7\u00f5es acima de R$ 5 mil seriam informadas \u00e0 Receita Federal &#8211; Foto: Pixabay<\/span><\/p><\/div>\n<\/p><\/div>\n<div class=\"section-description section-description-noticias mt-3\">\n<p>Ap\u00f3s forte repercuss\u00e3o negativa, o governo federal decidiu revogar a norma da Receita Federal que previa o monitoramento das movimenta\u00e7\u00f5es financeiras, incluindo o Pix e outros meios de pagamento como o cart\u00e3o de cr\u00e9dito. A decis\u00e3o foi informada hoje pelo secret\u00e1rio da Receita Federal, Robison Barreirinhas, ap\u00f3s uma reuni\u00e3o com o presidente Luiz In\u00e1cio Lula da Silva, no Pal\u00e1cio do Planalto, nesta quarta-feira.&#13;\n<\/p>\n<p>Barreirinhas explicou que distor\u00e7\u00f5es sobre o ato provocaram p\u00e2nico na popula\u00e7\u00e3o e afirmou que a revoga\u00e7\u00e3o visa corrigir esse impacto. \u201cNos \u00faltimos dias pessoas inescrupulosas distorceram um ato da Receita, causando p\u00e2nico. Apesar de todo nosso trabalho, esse dano \u00e9 continuado. Por isso, decidi revogar esse ato\u201d, afirmou ele.<\/p>\n<p>Tamb\u00e9m participaram no an\u00fancio os ministros Fernando Haddad (Fazenda) e Jorge Messias (Advocacia-Geral da Uni\u00e3o). \u201cA revoga\u00e7\u00e3o do ato \u00e9 para dar forca para uma medida provis\u00f3ria que ir\u00e1 refor\u00e7ar os princ\u00edpios tanto da n\u00e3o onera\u00e7\u00e3o do Pix, quanto das cl\u00e1usulas de sigilo banc\u00e1rio\u201d, indicou Haddad.&#13;\n<\/p>\n<p>O ministro da Fazenda informou que o governo editar\u00e1 uma medida provis\u00f3ria (MP) para garantir que o Pix n\u00e3o seja taxado. \u201cN\u00f3s n\u00e3o queremos contamina\u00e7\u00e3o de fake news para discutir o que est\u00e1 na lei. Quer discutir o texto de lei, vamos discutir. Mas inventar pretexto para querer mais uma vez manipular a opini\u00e3o p\u00fablica e deixar d\u00favida no ar enquanto tramita a medida provis\u00f3ria\u201d, completou.<\/p>\n<p>Recentemente, a Receita Federal anunciou que ampliaria a forma de fiscaliza\u00e7\u00e3o das transa\u00e7\u00f5es envolvendo o Pix. A partir de 2025, transfer\u00eancias acima de R$ 5 mil para pessoas f\u00edsicas e R$ 15 mil para pessoas jur\u00eddicas seriam informadas \u00e0 Receita Federal por operadoras de cart\u00f5es de cr\u00e9dito e institui\u00e7\u00f5es de pagamento, incluindo aplicativos e bancos digitais.\u00a0<br \/>&#13;<br \/>\n\u00a0&#13;\n<\/p>\n<\/p><\/div>\n<\/p><\/div>\n<p><script data-cfasync=\"false\">\n    !function (f, b, e, v, n, t, s) {\n        if (f.fbq) return; n = f.fbq = function () {\n            n.callMethod ?\n                n.callMethod.apply(n, arguments) : n.queue.push(arguments)\n        };\n        if (!f._fbq) f._fbq = n; n.push = n; n.loaded = !0; n.version = '2.0';\n        n.queue = []; t = b.createElement(e); t.async = !0;\n        t.src = v; s = b.getElementsByTagName(e)[0];\n        s.parentNode.insertBefore(t, s)\n    }(window, document, 'script',\n        'https:\/\/connect.facebook.net\/en_US\/fbevents.js');\n    fbq('init', '522546078623747');\n    fbq('track', 'PageView');\n<\/script><br \/>\n<br \/><br \/>\n<br \/><a href=\"https:\/\/www.agrolink.com.br\/noticias\/pix-liberado--governo-desiste-de-vigiar_498457.html\">Source link <\/a><\/p>\n","protected":false},"excerpt":{"rendered":"<p>&#13; Governo alegou que as fake news prejudicaram o projeto&#13; &#13; Agrolink&#13; &#13; &#8211; Leonardo Gottems&#13; &#13; Publicado em 15\/01\/2025<\/p>\n","protected":false},"author":1,"featured_media":1228,"comment_status":"open","ping_status":"open","sticky":false,"template":"","format":"standard","meta":{"_monsterinsights_skip_tracking":false,"_monsterinsights_sitenote_active":false,"_monsterinsights_sitenote_note":"","_monsterinsights_sitenote_category":0,"_uf_show_specific_survey":0,"_uf_disable_surveys":false,"footnotes":""},"categories":[8,1,14],"tags":[],"class_list":["post-8068","post","type-post","status-publish","format-standard","has-post-thumbnail","hentry","category-agro","category-news","category-politica-agro"],"_links":{"self":[{"href":"https:\/\/agromt.news\/index.php?rest_route=\/wp\/v2\/posts\/8068"}],"collection":[{"href":"https:\/\/agromt.news\/index.php?rest_route=\/wp\/v2\/posts"}],"about":[{"href":"https:\/\/agromt.news\/index.php?rest_route=\/wp\/v2\/types\/post"}],"author":[{"embeddable":true,"href":"https:\/\/agromt.news\/index.php?rest_route=\/wp\/v2\/users\/1"}],"replies":[{"embeddable":true,"href":"https:\/\/agromt.news\/index.php?rest_route=%2Fwp%2Fv2%2Fcomments&post=8068"}],"version-history":[{"count":0,"href":"https:\/\/agromt.news\/index.php?rest_route=\/wp\/v2\/posts\/8068\/revisions"}],"wp:featuredmedia":[{"embeddable":true,"href":"https:\/\/agromt.news\/index.php?rest_route=\/wp\/v2\/media\/1228"}],"wp:attachment":[{"href":"https:\/\/agromt.news\/index.php?rest_route=%2Fwp%2Fv2%2Fmedia&parent=8068"}],"wp:term":[{"taxonomy":"category","embeddable":true,"href":"https:\/\/agromt.news\/index.php?rest_route=%2Fwp%2Fv2%2Fcategories&post=8068"},{"taxonomy":"post_tag","embeddable":true,"href":"https:\/\/agromt.news\/index.php?rest_route=%2Fwp%2Fv2%2Ftags&post=8068"}],"curies":[{"name":"wp","href":"https:\/\/api.w.org\/{rel}","templated":true}]}}