{"id":806,"date":"2024-08-26T20:37:58","date_gmt":"2024-08-27T00:37:58","guid":{"rendered":"https:\/\/agromt.news\/?p=806"},"modified":"2024-08-26T20:37:58","modified_gmt":"2024-08-27T00:37:58","slug":"incendio-destroi-mil-fardos-de-leite-condensado-em-carreta-no-norte-de-minas","status":"publish","type":"post","link":"https:\/\/agromt.news\/?p=806","title":{"rendered":"Inc\u00eandio destr\u00f3i mil fardos de leite condensado em carreta no norte de Minas"},"content":{"rendered":"<p> <br \/>\n<\/p>\n<div>\n<p>Uma carreta que transportava fardos de leite condensado pegou fogo na tarde deste s\u00e1bado (24), na BR-251, pr\u00f3ximo ao munic\u00edpio de Francisco S\u00e1, no Norte de <a href=\"https:\/\/www.canalrural.com.br\/tag\/minas-gerais\/\">Minas Gerais<\/a>. O acidente ocorreu por volta das 14h, no quil\u00f4metro 484 da rodovia. O ve\u00edculo havia sa\u00eddo de Santa Catarina com destino a Recife e, apesar do incidente, n\u00e3o houve registro de v\u00edtimas.<\/p>\n<p>Ao chegar ao local, os militares do Corpo de Bombeiros encontraram o motorista fora da carreta. Ele conseguiu desengatar a carroceria do cavalo mec\u00e2nico, onde ficam o motor e a cabine, evitando que o fogo se alastrasse para essa parte do ve\u00edculo. \u201c<em>Provavelmente, essa a\u00e7\u00e3o preventiva impediu que o inc\u00eandio fosse ainda mais grave<\/em>\u201c, explicaram os bombeiros.<\/p>\n<p><em>Confira na palma da m\u00e3o informa\u00e7\u00f5es quentes sobre agricultura, pecu\u00e1ria, economia e previs\u00e3o do tempo:<\/em><a href=\"https:\/\/www.whatsapp.com\/channel\/0029Va9VnZxGk1FplZjiW43k\"><em> <\/em><strong>siga o Canal Rural no WhatsApp<\/strong><\/a>!<\/p>\n<\/div>\n<div>\n<p>No entanto, as chamas consumiram toda a estrutura da carreta e se espalharam para a vegeta\u00e7\u00e3o \u00e0s margens da rodovia. A equipe de socorro, utilizando t\u00e9cnicas e equipamentos especializados, trabalhou por mais de tr\u00eas horas para controlar o inc\u00eandio. Cerca de cinco mil litros de \u00e1gua foram necess\u00e1rios para extinguir o fogo. Durante a opera\u00e7\u00e3o, a rodovia BR-251 foi completamente interditada nos dois sentidos.<\/p>\n<figure class=\"wp-block-image size-large\"><img fetchpriority=\"high\" decoding=\"async\" width=\"1024\" height=\"576\" alt=\"\" class=\"wp-image-4064789\"  data-lazy- src=\"https:\/\/agromt.news\/wp-content\/uploads\/2024\/08\/Incendio-destroi-mil-fardos-de-leite-condensado-em-carreta-no.jpg\"\/><img decoding=\"async\" width=\"1024\" height=\"576\" src=\"https:\/\/agromt.news\/wp-content\/uploads\/2024\/08\/Incendio-destroi-mil-fardos-de-leite-condensado-em-carreta-no.jpg\" alt=\"\" class=\"wp-image-4064789\"  \/><\/figure>\n<p>A Pol\u00edcia Rodovi\u00e1ria Federal (PRF) esteve presente no local para auxiliar na opera\u00e7\u00e3o de rescaldo e na limpeza da pista, utilizando uma p\u00e1 carregadeira. Ap\u00f3s a remo\u00e7\u00e3o dos destro\u00e7os e a limpeza da rodovia, o tr\u00e2nsito foi liberado.<\/p>\n<p>O motorista n\u00e3o soube informar a causa do inc\u00eandio, que destruiu mais de mil fardos de leite condensado. Apesar da gravidade do incidente, n\u00e3o houve saque da carga por moradores da regi\u00e3o, e ningu\u00e9m ficou ferido.<\/p>\n<\/div>\n<p><br \/>\n<br \/><a href=\"https:\/\/www.canalrural.com.br\/nacional\/incendio-destroi-mil-fardos-de-leite-condensado-em-carreta-no-norte-de-minas\/\">Source link <\/a><\/p>\n","protected":false},"excerpt":{"rendered":"<p>Uma carreta que transportava fardos de leite condensado pegou fogo na tarde deste s\u00e1bado (24), na BR-251, pr\u00f3ximo ao munic\u00edpio<\/p>\n","protected":false},"author":1,"featured_media":807,"comment_status":"open","ping_status":"open","sticky":false,"template":"","format":"standard","meta":{"_monsterinsights_skip_tracking":false,"_monsterinsights_sitenote_active":false,"_monsterinsights_sitenote_note":"","_monsterinsights_sitenote_category":0,"_uf_show_specific_survey":0,"_uf_disable_surveys":false,"footnotes":""},"categories":[1],"tags":[],"class_list":["post-806","post","type-post","status-publish","format-standard","has-post-thumbnail","hentry","category-news"],"_links":{"self":[{"href":"https:\/\/agromt.news\/index.php?rest_route=\/wp\/v2\/posts\/806"}],"collection":[{"href":"https:\/\/agromt.news\/index.php?rest_route=\/wp\/v2\/posts"}],"about":[{"href":"https:\/\/agromt.news\/index.php?rest_route=\/wp\/v2\/types\/post"}],"author":[{"embeddable":true,"href":"https:\/\/agromt.news\/index.php?rest_route=\/wp\/v2\/users\/1"}],"replies":[{"embeddable":true,"href":"https:\/\/agromt.news\/index.php?rest_route=%2Fwp%2Fv2%2Fcomments&post=806"}],"version-history":[{"count":0,"href":"https:\/\/agromt.news\/index.php?rest_route=\/wp\/v2\/posts\/806\/revisions"}],"wp:featuredmedia":[{"embeddable":true,"href":"https:\/\/agromt.news\/index.php?rest_route=\/wp\/v2\/media\/807"}],"wp:attachment":[{"href":"https:\/\/agromt.news\/index.php?rest_route=%2Fwp%2Fv2%2Fmedia&parent=806"}],"wp:term":[{"taxonomy":"category","embeddable":true,"href":"https:\/\/agromt.news\/index.php?rest_route=%2Fwp%2Fv2%2Fcategories&post=806"},{"taxonomy":"post_tag","embeddable":true,"href":"https:\/\/agromt.news\/index.php?rest_route=%2Fwp%2Fv2%2Ftags&post=806"}],"curies":[{"name":"wp","href":"https:\/\/api.w.org\/{rel}","templated":true}]}}