{"id":8056,"date":"2025-01-16T09:21:31","date_gmt":"2025-01-16T13:21:31","guid":{"rendered":"https:\/\/agromt.news\/?p=8056"},"modified":"2025-01-16T09:21:31","modified_gmt":"2025-01-16T13:21:31","slug":"agu-pede-para-pf-investigar-quem-espalhou-desinformacao-sobre-o-pix","status":"publish","type":"post","link":"https:\/\/agromt.news\/?p=8056","title":{"rendered":"AGU pede para PF investigar quem espalhou desinforma\u00e7\u00e3o sobre o Pix"},"content":{"rendered":"<p> <br \/>\n<br \/><img decoding=\"async\" src=\"https:\/\/agromt.news\/wp-content\/uploads\/2025\/01\/AGU-pede-para-PF-investigar-quem-espalhou-desinformacao-sobre-o.jpeg\" \/><\/p>\n<div>\n<p>O advogado-geral da Uni\u00e3o, Jorge Messias, afirmou que a <strong><a href=\"https:\/\/www.canalrural.com.br\/tag\/agu\/\">AGU<\/a><\/strong> pediu \u00e0 <strong><a href=\"https:\/\/www.canalrural.com.br\/tag\/pf\/\">Pol\u00edcia Federal (PF)<\/a><\/strong> a abertura de inqu\u00e9rito para identificar as pessoas que criaram e disseminaram informa\u00e7\u00f5es falsas envolvendo <strong><a href=\"https:\/\/www.canalrural.com.br\/economia\/governo-retira-fiscalizacao-do-pix-apos-fake-news-e-repercussao-negativa\/\">a nova fiscaliza\u00e7\u00e3o do Pix<\/a><\/strong>. Segundo ele, h\u00e1 fortes ind\u00edcios de crime contra a economia popular, cuja pena vai de um a cinco anos de pris\u00e3o e multa.<\/p>\n<p>Messias disse que a administra\u00e7\u00e3o federal identificou a utiliza\u00e7\u00e3o de s\u00edmbolos do governo, da <strong><a href=\"https:\/\/www.canalrural.com.br\/tag\/receitafederal\/\">Receita Federal<\/a><\/strong> e do <strong><a href=\"https:\/\/www.canalrural.com.br\/tag\/minist%C3%A9riodafazanda\/\">Minist\u00e9rio da Fazenda<\/a><\/strong> em posts com informa\u00e7\u00f5es falsas. \u201cIdentificamos pr\u00e1ticas abusivas nas rela\u00e7\u00f5es de consumo\u201d, disse.<\/p>\n<p>O advogado-geral da Uni\u00e3o afirmou que o governo quer a abertura de um inqu\u00e9rito na <strong><a href=\"https:\/\/www.canalrural.com.br\/tag\/senacon\/\">Secretaria Nacional do Consumidor (Senacon)<\/a><\/strong> sobre eventuais crimes nas rela\u00e7\u00f5es de consumo por conta das fake news relacionadas \u00e0 tributa\u00e7\u00e3o do Pix.<\/p>\n<h2 class=\"wp-block-heading\" id=\"h-polarizacao\">Polariza\u00e7\u00e3o<\/h2>\n<p>O ministro da Fazenda, Fernando Haddad, disse que a principal fonte de divulga\u00e7\u00e3o de fake news envolvendo a nova fiscaliza\u00e7\u00e3o do Pix foi a oposi\u00e7\u00e3o. Ele chamou de \u201cinescrupulosos\u201d os parlamentares que espalharam not\u00edcias falsas sobre o Pix.<\/p>\n<blockquote class=\"wp-block-quote is-layout-flow wp-block-quote-is-layout-flow\">\n<p>O ministro citou o senador Fl\u00e1vio Bolsonaro (PL-RJ) ao defender a fiscaliza\u00e7\u00e3o da Receita. \u201cAs rachadinhas foram combatidas porque a autoridade identificou uma movimenta\u00e7\u00e3o absurda nas contas do Fl\u00e1vio Bolsonaro\u201d, disse.<\/p>\n<\/blockquote>\n<\/div>\n<div>\n<blockquote class=\"wp-block-quote is-layout-flow wp-block-quote-is-layout-flow\">\n<p>Ontem, o senador postou no X que Haddad \u201cao amea\u00e7ar cobrar imposto de quem n\u00e3o pagava ao usar o Pix, parece meio \u00f3bvio que o pre\u00e7o vai aumentar para se manter a margem de lucro\u201d.<\/p>\n<\/blockquote>\n<h2 class=\"wp-block-heading\" id=\"h-variacao-sazonal\">Varia\u00e7\u00e3o sazonal<\/h2>\n<p>Em meio \u00e0 onda de fake news que invadiu as redes sociais, houve um recuo de 15% no total de transa\u00e7\u00f5es via Pix nas duas primeiras semanas deste m\u00eas em rela\u00e7\u00e3o ao mesmo per\u00edodo de dezembro. No entanto, segundo o Estad\u00e3o, t\u00e9cnicos do Banco Central n\u00e3o veem esse movimento de queda como consequ\u00eancia das fake news que inundaram as redes sociais nas \u00faltimas duas semanas.<\/p>\n<p>\u201c(O) Movimento do Pix est\u00e1 dentro da varia\u00e7\u00e3o sazonal de in\u00edcio de ano\u201d, informou o BC em comunicado. Quando a compara\u00e7\u00e3o \u00e9 feita com janeiro de 2024, houve um crescimento de 30% nas transa\u00e7\u00f5es, ritmo considerado dentro do normal pelo BC.<\/p>\n<\/p><\/div>\n<p><br \/>\n<br \/><a href=\"https:\/\/www.canalrural.com.br\/economia\/agu-pede-para-pf-investigar-quem-espalhou-desinformacao-sobre-o-pix\/\">Source link <\/a><\/p>\n","protected":false},"excerpt":{"rendered":"<p>O advogado-geral da Uni\u00e3o, Jorge Messias, afirmou que a AGU pediu \u00e0 Pol\u00edcia Federal (PF) a abertura de inqu\u00e9rito para<\/p>\n","protected":false},"author":1,"featured_media":8057,"comment_status":"open","ping_status":"open","sticky":false,"template":"","format":"standard","meta":{"_monsterinsights_skip_tracking":false,"_monsterinsights_sitenote_active":false,"_monsterinsights_sitenote_note":"","_monsterinsights_sitenote_category":0,"_uf_show_specific_survey":0,"_uf_disable_surveys":false,"footnotes":""},"categories":[1],"tags":[],"class_list":["post-8056","post","type-post","status-publish","format-standard","has-post-thumbnail","hentry","category-news"],"_links":{"self":[{"href":"https:\/\/agromt.news\/index.php?rest_route=\/wp\/v2\/posts\/8056"}],"collection":[{"href":"https:\/\/agromt.news\/index.php?rest_route=\/wp\/v2\/posts"}],"about":[{"href":"https:\/\/agromt.news\/index.php?rest_route=\/wp\/v2\/types\/post"}],"author":[{"embeddable":true,"href":"https:\/\/agromt.news\/index.php?rest_route=\/wp\/v2\/users\/1"}],"replies":[{"embeddable":true,"href":"https:\/\/agromt.news\/index.php?rest_route=%2Fwp%2Fv2%2Fcomments&post=8056"}],"version-history":[{"count":0,"href":"https:\/\/agromt.news\/index.php?rest_route=\/wp\/v2\/posts\/8056\/revisions"}],"wp:featuredmedia":[{"embeddable":true,"href":"https:\/\/agromt.news\/index.php?rest_route=\/wp\/v2\/media\/8057"}],"wp:attachment":[{"href":"https:\/\/agromt.news\/index.php?rest_route=%2Fwp%2Fv2%2Fmedia&parent=8056"}],"wp:term":[{"taxonomy":"category","embeddable":true,"href":"https:\/\/agromt.news\/index.php?rest_route=%2Fwp%2Fv2%2Fcategories&post=8056"},{"taxonomy":"post_tag","embeddable":true,"href":"https:\/\/agromt.news\/index.php?rest_route=%2Fwp%2Fv2%2Ftags&post=8056"}],"curies":[{"name":"wp","href":"https:\/\/api.w.org\/{rel}","templated":true}]}}