{"id":8036,"date":"2025-01-15T23:29:43","date_gmt":"2025-01-16T03:29:43","guid":{"rendered":"https:\/\/agromt.news\/?p=8036"},"modified":"2025-01-15T23:29:43","modified_gmt":"2025-01-16T03:29:43","slug":"governo-retira-fiscalizacao-do-pix-apos-fake-news-e-repercussao-negativa","status":"publish","type":"post","link":"https:\/\/agromt.news\/?p=8036","title":{"rendered":"Governo retira fiscaliza\u00e7\u00e3o do Pix ap\u00f3s fake news e repercuss\u00e3o negativa"},"content":{"rendered":"<p> <br \/>\n<br \/><img decoding=\"async\" src=\"https:\/\/agromt.news\/wp-content\/uploads\/2025\/01\/Governo-retira-fiscalizacao-do-Pix-apos-fake-news-e-repercussao.webp.webp\" \/><\/p>\n<div>\n<p>Ap\u00f3s ampla repercuss\u00e3o negativa e postagens com <em>fake news<\/em>, o governo decidiu revogar nesta quarta-feira (15) o ato normativo que alterava as regras de fiscaliza\u00e7\u00e3o da Receita Federal nas opera\u00e7\u00f5es do Pix.<\/p>\n<p>O an\u00fancio foi feito pelo secret\u00e1rio da Receita Federal, Robinson Barreirinhas, e pelo Minist\u00e9rio da Fazenda, ap\u00f3s reuni\u00e3o com o presidente Luiz In\u00e1cio Lula da Silva. <\/p>\n<p>Assim, as regras de fiscaliza\u00e7\u00e3o para opera\u00e7\u00f5es acima de <strong>R$ 5 mil<\/strong> para pessoas f\u00edsicas, iniciadas em janeiro, deixam de valer.<\/p>\n<p>De acordo com o ministro da Economia, <strong><a href=\"https:\/\/www.canalrural.com.br\/tag\/haddad\/\">Fernando Haddad<\/a><\/strong>, o governo editar\u00e1 ainda uma medida provis\u00f3ria (MP) que equipara o pagamento em Pix ao realizado em dinheiro. O objetivo \u00e9 que os pequenos com\u00e9rcios possam cobrar taxas diferentes para os valores digitais ou em esp\u00e9cie.<\/p>\n<p>O ministro Fernando Haddad chamou todo o imbr\u00f3glio de \u201cmanipula\u00e7\u00e3o de opini\u00e3o p\u00fablica\u201d. \u201cO estrago est\u00e1 feito, inclusive com senadores e deputados agindo contra o Estado brasileiro. Eles v\u00e3o responder por isso\u201d, afirmou.<\/p>\n<\/div>\n<div>\n<p>Segundo Haddad, a MP vai focar na prote\u00e7\u00e3o e garantia do Pix e, al\u00e9m disso, vai tirar d\u00favidas que t\u00eam sido levantadas desde que as novas regras entraram em vigor. \u201cPara n\u00e3o dar for\u00e7a aos mentirosos, que podem conturbar a aprova\u00e7\u00e3o da MP, essa normativa sai de cena para que os parlamentares olhem para o que \u00e9 importante\u201d, afirmou o ministro, em coletiva de imprensa.<\/p>\n<h2 class=\"wp-block-heading\" id=\"h-fake-news-sobre-o-pix\">Fake news sobre o Pix<\/h2>\n<p>Informa\u00e7\u00f5es falsas, como taxa\u00e7\u00f5es no Pix, quebra de sigilo fiscal, taxa\u00e7\u00e3o para empreendedor e at\u00e9 boletos sobre d\u00e9bitos que n\u00e3o existem estavam circulando nas redes sociais nos \u00faltimos dias ap\u00f3s a Receita Federal anunciar a norma que entraria em vigor agora em janeiro.<\/p>\n<p>Na verdade, o que mudaria seria que as institui\u00e7\u00f5es financeiras (como bancos digitais e operadoras de pagamentos, a exemplo das \u201cmaquininhas\u201d) repassariam \u00e0 Receita informa\u00e7\u00f5es de movimenta\u00e7\u00f5es que excedessem <strong>R$ 15 mil mensais<\/strong>, no caso de pessoa jur\u00eddica (como o MEI, a Microempresa e a Empresa de Pequeno Porte), e <strong>R$ 5 mil<\/strong> mensais se fosse de pessoa f\u00edsica.<\/p>\n<p>\u201cN\u00e3o haver\u00e1 nenhuma cobran\u00e7a sobre o Pix. \u00c9 importante estar atento, pois criminosos est\u00e3o gerando boletos falsos sobre supostas taxas referentes ao uso do Pix para aplicar golpe\u201d, disse a Receita Federal, em comunicado.<\/p>\n<p>Por fim, o \u00f3rg\u00e3o assegurava que \u201cn\u00e3o existe tributa\u00e7\u00e3o sobre Pix, e nunca vai existir, at\u00e9 porque a Constitui\u00e7\u00e3o n\u00e3o autoriza imposto sobre movimenta\u00e7\u00e3o financeira\u201d.<\/p>\n<\/p><\/div>\n<p><br \/>\n<br \/><a href=\"https:\/\/www.canalrural.com.br\/economia\/governo-retira-fiscalizacao-do-pix-apos-fake-news-e-repercussao-negativa\/\">Source link <\/a><\/p>\n","protected":false},"excerpt":{"rendered":"<p>Ap\u00f3s ampla repercuss\u00e3o negativa e postagens com fake news, o governo decidiu revogar nesta quarta-feira (15) o ato normativo que<\/p>\n","protected":false},"author":1,"featured_media":8037,"comment_status":"open","ping_status":"open","sticky":false,"template":"","format":"standard","meta":{"_monsterinsights_skip_tracking":false,"_monsterinsights_sitenote_active":false,"_monsterinsights_sitenote_note":"","_monsterinsights_sitenote_category":0,"_uf_show_specific_survey":0,"_uf_disable_surveys":false,"footnotes":""},"categories":[1],"tags":[],"class_list":["post-8036","post","type-post","status-publish","format-standard","has-post-thumbnail","hentry","category-news"],"_links":{"self":[{"href":"https:\/\/agromt.news\/index.php?rest_route=\/wp\/v2\/posts\/8036"}],"collection":[{"href":"https:\/\/agromt.news\/index.php?rest_route=\/wp\/v2\/posts"}],"about":[{"href":"https:\/\/agromt.news\/index.php?rest_route=\/wp\/v2\/types\/post"}],"author":[{"embeddable":true,"href":"https:\/\/agromt.news\/index.php?rest_route=\/wp\/v2\/users\/1"}],"replies":[{"embeddable":true,"href":"https:\/\/agromt.news\/index.php?rest_route=%2Fwp%2Fv2%2Fcomments&post=8036"}],"version-history":[{"count":0,"href":"https:\/\/agromt.news\/index.php?rest_route=\/wp\/v2\/posts\/8036\/revisions"}],"wp:featuredmedia":[{"embeddable":true,"href":"https:\/\/agromt.news\/index.php?rest_route=\/wp\/v2\/media\/8037"}],"wp:attachment":[{"href":"https:\/\/agromt.news\/index.php?rest_route=%2Fwp%2Fv2%2Fmedia&parent=8036"}],"wp:term":[{"taxonomy":"category","embeddable":true,"href":"https:\/\/agromt.news\/index.php?rest_route=%2Fwp%2Fv2%2Fcategories&post=8036"},{"taxonomy":"post_tag","embeddable":true,"href":"https:\/\/agromt.news\/index.php?rest_route=%2Fwp%2Fv2%2Ftags&post=8036"}],"curies":[{"name":"wp","href":"https:\/\/api.w.org\/{rel}","templated":true}]}}