{"id":8030,"date":"2025-01-15T20:54:26","date_gmt":"2025-01-16T00:54:26","guid":{"rendered":"https:\/\/agromt.news\/?p=8030"},"modified":"2025-01-15T20:54:26","modified_gmt":"2025-01-16T00:54:26","slug":"operacao-da-pf-apreende-caminhao-frigorifico-com-420-kg-de-cocaina","status":"publish","type":"post","link":"https:\/\/agromt.news\/?p=8030","title":{"rendered":"Opera\u00e7\u00e3o da PF apreende caminh\u00e3o frigor\u00edfico com 420 kg de coca\u00edna"},"content":{"rendered":"<p> <br \/>\n<br \/><img decoding=\"async\" src=\"https:\/\/agromt.news\/wp-content\/uploads\/2025\/01\/Operacao-da-PF-apreende-caminhao-frigorifico-com-420-kg-de.jpeg\" \/><\/p>\n<div>\n<p>Uma opera\u00e7\u00e3o da<strong><a href=\"https:\/\/www.canalrural.com.br\/tag\/pf\/\"> Pol\u00edcia Federal (PF)<\/a><\/strong>, em parceria com o Grupo Especial de Fronteira (Gefron) e o Batalh\u00e3o de Opera\u00e7\u00f5es Especiais da Pol\u00edcia Militar do Mato Grosso (Bope), resultou na apreens\u00e3o de 420 kg de coca\u00edna em um caminh\u00e3o <strong><a href=\"https:\/\/www.canalrural.com.br\/tag\/frigor%C3%ADfico\/\">frigor\u00edfico<\/a><\/strong> na cidade de Pedra Preta, pr\u00f3xima a Rondon\u00f3polis, nesta quarta-feira (15). O motorista foi preso em flagrante.<\/p>\n<p>A abordagem ocorreu na BR-364 ap\u00f3s informa\u00e7\u00f5es indicarem a presen\u00e7a de um indiv\u00edduo em atitude suspeita pr\u00f3ximo a um frigor\u00edfico. Ele realizava reparos no teto do caminh\u00e3o, utilizando materiais como cola e silicone, o que levantou suspeitas.<\/p>\n<p>Com base nesses dados, as equipes realizaram a opera\u00e7\u00e3o, que localizou o entorpecente escondido em um compartimento oculto do ve\u00edculo. O motorista foi encaminhado \u00e0 Delegacia da Pol\u00edcia Federal em Rondon\u00f3polis, onde permanece \u00e0 disposi\u00e7\u00e3o da Justi\u00e7a.<\/p>\n<\/div>\n<div>\n<p>De acordo com a PF, as a\u00e7\u00f5es de combate ao tr\u00e1fico de drogas seguem com foco na pris\u00e3o de lideran\u00e7as, na descapitaliza\u00e7\u00e3o de patrim\u00f4nios e na desarticula\u00e7\u00e3o de organiza\u00e7\u00f5es criminosas que operam na regi\u00e3o.<\/p>\n<\/p><\/div>\n<p><br \/>\n<br \/><a href=\"https:\/\/www.canalrural.com.br\/seguranca\/operacao-da-pf-apreende-caminhao-frigorifico-com-420-kg-de-cocaina\/\">Source link <\/a><\/p>\n","protected":false},"excerpt":{"rendered":"<p>Uma opera\u00e7\u00e3o da Pol\u00edcia Federal (PF), em parceria com o Grupo Especial de Fronteira (Gefron) e o Batalh\u00e3o de Opera\u00e7\u00f5es<\/p>\n","protected":false},"author":1,"featured_media":8031,"comment_status":"open","ping_status":"open","sticky":false,"template":"","format":"standard","meta":{"_monsterinsights_skip_tracking":false,"_monsterinsights_sitenote_active":false,"_monsterinsights_sitenote_note":"","_monsterinsights_sitenote_category":0,"_uf_show_specific_survey":0,"_uf_disable_surveys":false,"footnotes":""},"categories":[1],"tags":[],"class_list":["post-8030","post","type-post","status-publish","format-standard","has-post-thumbnail","hentry","category-news"],"_links":{"self":[{"href":"https:\/\/agromt.news\/index.php?rest_route=\/wp\/v2\/posts\/8030"}],"collection":[{"href":"https:\/\/agromt.news\/index.php?rest_route=\/wp\/v2\/posts"}],"about":[{"href":"https:\/\/agromt.news\/index.php?rest_route=\/wp\/v2\/types\/post"}],"author":[{"embeddable":true,"href":"https:\/\/agromt.news\/index.php?rest_route=\/wp\/v2\/users\/1"}],"replies":[{"embeddable":true,"href":"https:\/\/agromt.news\/index.php?rest_route=%2Fwp%2Fv2%2Fcomments&post=8030"}],"version-history":[{"count":0,"href":"https:\/\/agromt.news\/index.php?rest_route=\/wp\/v2\/posts\/8030\/revisions"}],"wp:featuredmedia":[{"embeddable":true,"href":"https:\/\/agromt.news\/index.php?rest_route=\/wp\/v2\/media\/8031"}],"wp:attachment":[{"href":"https:\/\/agromt.news\/index.php?rest_route=%2Fwp%2Fv2%2Fmedia&parent=8030"}],"wp:term":[{"taxonomy":"category","embeddable":true,"href":"https:\/\/agromt.news\/index.php?rest_route=%2Fwp%2Fv2%2Fcategories&post=8030"},{"taxonomy":"post_tag","embeddable":true,"href":"https:\/\/agromt.news\/index.php?rest_route=%2Fwp%2Fv2%2Ftags&post=8030"}],"curies":[{"name":"wp","href":"https:\/\/api.w.org\/{rel}","templated":true}]}}