{"id":802,"date":"2024-08-26T20:23:30","date_gmt":"2024-08-27T00:23:30","guid":{"rendered":"https:\/\/agromt.news\/?p=802"},"modified":"2024-08-26T20:23:30","modified_gmt":"2024-08-27T00:23:30","slug":"soja-dolar-e-premio-de-exportacao-impulsionam-cotacoes-internas","status":"publish","type":"post","link":"https:\/\/agromt.news\/?p=802","title":{"rendered":"Soja: d\u00f3lar e pr\u00eamio de exporta\u00e7\u00e3o impulsionam cota\u00e7\u00f5es internas"},"content":{"rendered":"<p> <br \/>\n<\/p>\n<div>\n<figure><img decoding=\"async\" src=\"https:\/\/agromt.news\/wp-content\/uploads\/2024\/08\/Soja-dolar-e-premio-de-exportacao-impulsionam-cotacoes-internas.jpg\" alt=\"soja, estimativa, gr\u00e3os, IBGE, milho, produ\u00e7\u00e3o baiana\" \/><figcaption>Foto: Guilherme Soares\/Canal Rural BA<\/figcaption><\/figure>\n<\/div>\n<p>Levantamentos do <strong><a href=\"https:\/\/www.canalrural.com.br\/tag\/cepea\/\">Cepea<\/a><\/strong> mostram que os pre\u00e7os da soja subiram no mercado brasileiro na \u00faltima semana. <\/p>\n<p>Segundo pesquisadores deste Centro, o impulso veio da valoriza\u00e7\u00e3o cambial (R$\/US$), que atraiu consumidores estrangeiros ao pa\u00eds e elevou os pr\u00eamios de exporta\u00e7\u00e3o da oleaginosa.<\/p>\n<p><em>Confira na palma da m\u00e3o informa\u00e7\u00f5es quentes sobre agricultura, pecu\u00e1ria, economia e previs\u00e3o do tempo:<\/em><a href=\"https:\/\/www.whatsapp.com\/channel\/0029Va9VnZxGk1FplZjiW43k\"><em> <\/em><strong>siga o Canal Rural no WhatsApp<\/strong><\/a>!<\/p>\n<p>Al\u00e9m disso, a alta do gr\u00e3o tamb\u00e9m esteve atrelada \u00e0 cautelosa de alguns vendedores, que evitam comercializar grandes volumes no spot e que optam pela estocagem e negocia\u00e7\u00e3o apenas em \u00e9poca do cultivo da safra 2024\/25 na Am\u00e9rica do Sul, ainda conforme explicam pesquisadores do Cepea.<\/p>\n<p>O post <a href=\"https:\/\/www.canalrural.com.br\/agricultura\/soja-dolar-e-premio-de-exportacao-impulsionam-cotacoes-internas\/\">Soja: d\u00f3lar e pr\u00eamio de exporta\u00e7\u00e3o impulsionam cota\u00e7\u00f5es internas<\/a> apareceu primeiro em <a href=\"https:\/\/www.canalrural.com.br\">Canal Rural<\/a>.<\/p>\n<p><br \/>\n<br \/><a href=\"https:\/\/www.canalrural.com.br\/agricultura\/soja-dolar-e-premio-de-exportacao-impulsionam-cotacoes-internas\/\">Source link <\/a><\/p>\n","protected":false},"excerpt":{"rendered":"<p>Foto: Guilherme Soares\/Canal Rural BA Levantamentos do Cepea mostram que os pre\u00e7os da soja subiram no mercado brasileiro na \u00faltima<\/p>\n","protected":false},"author":1,"featured_media":803,"comment_status":"open","ping_status":"open","sticky":false,"template":"","format":"standard","meta":{"_monsterinsights_skip_tracking":false,"_monsterinsights_sitenote_active":false,"_monsterinsights_sitenote_note":"","_monsterinsights_sitenote_category":0,"_uf_show_specific_survey":0,"_uf_disable_surveys":false,"footnotes":""},"categories":[1],"tags":[],"class_list":["post-802","post","type-post","status-publish","format-standard","has-post-thumbnail","hentry","category-news"],"_links":{"self":[{"href":"https:\/\/agromt.news\/index.php?rest_route=\/wp\/v2\/posts\/802"}],"collection":[{"href":"https:\/\/agromt.news\/index.php?rest_route=\/wp\/v2\/posts"}],"about":[{"href":"https:\/\/agromt.news\/index.php?rest_route=\/wp\/v2\/types\/post"}],"author":[{"embeddable":true,"href":"https:\/\/agromt.news\/index.php?rest_route=\/wp\/v2\/users\/1"}],"replies":[{"embeddable":true,"href":"https:\/\/agromt.news\/index.php?rest_route=%2Fwp%2Fv2%2Fcomments&post=802"}],"version-history":[{"count":0,"href":"https:\/\/agromt.news\/index.php?rest_route=\/wp\/v2\/posts\/802\/revisions"}],"wp:featuredmedia":[{"embeddable":true,"href":"https:\/\/agromt.news\/index.php?rest_route=\/wp\/v2\/media\/803"}],"wp:attachment":[{"href":"https:\/\/agromt.news\/index.php?rest_route=%2Fwp%2Fv2%2Fmedia&parent=802"}],"wp:term":[{"taxonomy":"category","embeddable":true,"href":"https:\/\/agromt.news\/index.php?rest_route=%2Fwp%2Fv2%2Fcategories&post=802"},{"taxonomy":"post_tag","embeddable":true,"href":"https:\/\/agromt.news\/index.php?rest_route=%2Fwp%2Fv2%2Ftags&post=802"}],"curies":[{"name":"wp","href":"https:\/\/api.w.org\/{rel}","templated":true}]}}