{"id":8004,"date":"2025-01-15T10:21:15","date_gmt":"2025-01-15T14:21:15","guid":{"rendered":"https:\/\/agromt.news\/?p=8004"},"modified":"2025-01-15T10:21:15","modified_gmt":"2025-01-15T14:21:15","slug":"o-avanco-dos-defensivos-biologicos-nas-lavouras-brasileiras","status":"publish","type":"post","link":"https:\/\/agromt.news\/?p=8004","title":{"rendered":"o avan\u00e7o dos defensivos biol\u00f3gicos nas lavouras brasileiras"},"content":{"rendered":"<p> <br \/>\n<\/p>\n<div>\n<p style=\"text-align:justify\"><em>Por Lucas Rivas<\/em><\/p>\n<p style=\"text-align:justify\">A agricultura brasileira \u00e9 amplamente dependente de defensivos qu\u00edmicos importados, uma realidade que impacta diretamente os custos de produ\u00e7\u00e3o e a competitividade do setor. Apesar de sua relev\u00e2ncia no mercado global, o Brasil carece de uma ind\u00fastria qu\u00edmica nacional robusta, o que mant\u00e9m essa depend\u00eancia e o coloca como o maior mercado mundial de defensivos.&#13;\n<\/p>\n<p style=\"text-align:justify\">Em 2023, o pa\u00eds importou mais de 2,7 milh\u00f5es de toneladas de defensivos, de acordo com a Companhia Nacional de Abastecimento (Conab). Embora o consumo por hectare n\u00e3o seja o maior do mundo, a extens\u00e3o das \u00e1reas cultivadas e a possibilidade de m\u00faltiplas safras anuais elevam o volume total adquirido pelos produtores. Com negocia\u00e7\u00f5es atreladas ao d\u00f3lar e influenciadas por oscila\u00e7\u00f5es externas, as importa\u00e7\u00f5es tornam-se um fator cr\u00edtico para o aumento dos custos agr\u00edcolas.<\/p>\n<p style=\"text-align:justify\">Em entrevista ao Portal Agrolink, Luiz Alberto Moreira da Silva, executivo com mais de cinco d\u00e9cadas de experi\u00eancia no agro e atual diretor da Luft Agro, destaca que a aus\u00eancia de uma ind\u00fastria qu\u00edmica de base s\u00f3lida no Brasil impede a produ\u00e7\u00e3o nacional de defensivos gen\u00e9ricos. Segundo ele, mesmo com a estrutura\u00e7\u00e3o de um setor competitivo, atender apenas \u00e0 demanda interna n\u00e3o seria vi\u00e1vel, exigindo que o pa\u00eds tamb\u00e9m disputasse espa\u00e7o no mercado internacional, o que traria desafios adicionais em termos log\u00edsticos e econ\u00f4micos. \u201cA falta de uma base industrial forte compromete nossa autonomia. E, ainda que consegu\u00edssemos desenvolver essa estrutura, os custos poderiam ser ainda mais elevados\u201d, analisa.<\/p>\n<p><img decoding=\"async\" class=\"img-fluid\" src=\"https:\/\/www.agrolink.com.br\/Upload\/noticias\/50964c4f555c4fa4aa9afe6e63dd0188.jpg\"\/><\/p>\n<p style=\"text-align:justify\"><strong>O papel dos defensivos biol\u00f3gicos<\/strong><\/p>\n<p style=\"text-align:justify\">No cen\u00e1rio de crescente press\u00e3o por pr\u00e1ticas agr\u00edcolas mais sustent\u00e1veis, os defensivos biol\u00f3gicos despontam como uma alternativa estrat\u00e9gica para reduzir a depend\u00eancia de qu\u00edmicos importados no Brasil. Para Luiz Alberto, a solu\u00e7\u00e3o vai al\u00e9m da produ\u00e7\u00e3o org\u00e2nica e j\u00e1 conquista espa\u00e7o entre grandes players do setor. \u201cBiol\u00f3gicos t\u00eam demonstrado efici\u00eancia igual ou superior em aplica\u00e7\u00f5es espec\u00edficas, como nematicidas para <a href=\"https:\/\/www.agrolink.com.br\/culturas\/soja?utm_source=agrolink-detalhe-noticia&amp;utm_medium=detalhe-noticia&amp;utm_campaign=links-internos\" target=\"_blank\" rel=\"noopener\">soja<\/a>\u201d, explica o especialista. Ele refor\u00e7a que, al\u00e9m de inovadores, esses produtos respondem \u00e0 crescente demanda por sustentabilidade, uma exig\u00eancia cada vez mais presente no mercado global e essencial para o futuro do agroneg\u00f3cio brasileiro.&#13;\n<\/p>\n<p style=\"text-align:justify\"><strong>Desafios e perspectivas<\/strong><br \/>&#13;<br \/>\nEmbora promissores, os defensivos biol\u00f3gicos ainda enfrentam obst\u00e1culos significativos no Brasil, especialmente devido \u00e0s suas exig\u00eancias log\u00edsticas em um territ\u00f3rio de dimens\u00f5es continentais. A necessidade de condi\u00e7\u00f5es espec\u00edficas, como refrigera\u00e7\u00e3o ao longo de toda a cadeia, torna o transporte e o armazenamento um desafio.<\/p>\n<p style=\"text-align:justify\">Apesar disso, Luiz Alberto Moreira da Silva mant\u00e9m uma vis\u00e3o otimista sobre a evolu\u00e7\u00e3o desses produtos. \u201cOs biol\u00f3gicos t\u00eam superado barreiras importantes e, embora devam coexistir com os qu\u00edmicos por um bom tempo, a tend\u00eancia \u00e9 de um equil\u00edbrio crescente entre essas solu\u00e7\u00f5es no campo brasileiro\u201d, projeta.<\/p>\n<p style=\"text-align:justify\">Essa transi\u00e7\u00e3o n\u00e3o apenas refor\u00e7a a competitividade do agroneg\u00f3cio nacional, mas tamb\u00e9m responde \u00e0s demandas globais por pr\u00e1ticas mais sustent\u00e1veis, apontando para um futuro no qual a agricultura brasileira se adapta cada vez mais \u00e0s necessidades ambientais e econ\u00f4micas de um mercado em constante transforma\u00e7\u00e3o.&#13;\n<\/p>\n<\/p><\/div>\n<p><script data-cfasync=\"false\">\n    !function (f, b, e, v, n, t, s) {\n        if (f.fbq) return; n = f.fbq = function () {\n            n.callMethod ?\n                n.callMethod.apply(n, arguments) : n.queue.push(arguments)\n        };\n        if (!f._fbq) f._fbq = n; n.push = n; n.loaded = !0; n.version = '2.0';\n        n.queue = []; t = b.createElement(e); t.async = !0;\n        t.src = v; s = b.getElementsByTagName(e)[0];\n        s.parentNode.insertBefore(t, s)\n    }(window, document, 'script',\n        'https:\/\/connect.facebook.net\/en_US\/fbevents.js');\n    fbq('init', '522546078623747');\n    fbq('track', 'PageView');\n<\/script><br \/>\n<br \/><br \/>\n<br \/><a href=\"https:\/\/www.agrolink.com.br\/noticias\/do-quimico-ao-sustentavel--o-avanco-dos-defensivos-biologicos-nas-lavouras-brasileiras_498417.html\">Source link <\/a><\/p>\n","protected":false},"excerpt":{"rendered":"<p>Por Lucas Rivas A agricultura brasileira \u00e9 amplamente dependente de defensivos qu\u00edmicos importados, uma realidade que impacta diretamente os custos<\/p>\n","protected":false},"author":1,"featured_media":1695,"comment_status":"open","ping_status":"open","sticky":false,"template":"","format":"standard","meta":{"_monsterinsights_skip_tracking":false,"_monsterinsights_sitenote_active":false,"_monsterinsights_sitenote_note":"","_monsterinsights_sitenote_category":0,"_uf_show_specific_survey":0,"_uf_disable_surveys":false,"footnotes":""},"categories":[8,1,14],"tags":[],"class_list":["post-8004","post","type-post","status-publish","format-standard","has-post-thumbnail","hentry","category-agro","category-news","category-politica-agro"],"_links":{"self":[{"href":"https:\/\/agromt.news\/index.php?rest_route=\/wp\/v2\/posts\/8004"}],"collection":[{"href":"https:\/\/agromt.news\/index.php?rest_route=\/wp\/v2\/posts"}],"about":[{"href":"https:\/\/agromt.news\/index.php?rest_route=\/wp\/v2\/types\/post"}],"author":[{"embeddable":true,"href":"https:\/\/agromt.news\/index.php?rest_route=\/wp\/v2\/users\/1"}],"replies":[{"embeddable":true,"href":"https:\/\/agromt.news\/index.php?rest_route=%2Fwp%2Fv2%2Fcomments&post=8004"}],"version-history":[{"count":0,"href":"https:\/\/agromt.news\/index.php?rest_route=\/wp\/v2\/posts\/8004\/revisions"}],"wp:featuredmedia":[{"embeddable":true,"href":"https:\/\/agromt.news\/index.php?rest_route=\/wp\/v2\/media\/1695"}],"wp:attachment":[{"href":"https:\/\/agromt.news\/index.php?rest_route=%2Fwp%2Fv2%2Fmedia&parent=8004"}],"wp:term":[{"taxonomy":"category","embeddable":true,"href":"https:\/\/agromt.news\/index.php?rest_route=%2Fwp%2Fv2%2Fcategories&post=8004"},{"taxonomy":"post_tag","embeddable":true,"href":"https:\/\/agromt.news\/index.php?rest_route=%2Fwp%2Fv2%2Ftags&post=8004"}],"curies":[{"name":"wp","href":"https:\/\/api.w.org\/{rel}","templated":true}]}}