{"id":8001,"date":"2025-01-15T06:42:32","date_gmt":"2025-01-15T10:42:32","guid":{"rendered":"https:\/\/agromt.news\/?p=8001"},"modified":"2025-01-15T06:42:32","modified_gmt":"2025-01-15T10:42:32","slug":"dia-sera-marcado-por-temporais-e-raios-em-duas-regioes-do-pais","status":"publish","type":"post","link":"https:\/\/agromt.news\/?p=8001","title":{"rendered":"Dia ser\u00e1 marcado por temporais e raios em duas regi\u00f5es do pa\u00eds"},"content":{"rendered":"<p> <br \/>\n<br \/><img decoding=\"async\" src=\"https:\/\/agromt.news\/wp-content\/uploads\/2024\/12\/thunder-4963719_1280.jpg\" \/><\/p>\n<div>\n<p>A previs\u00e3o do tempo da parceria entre Canal Rural e Climatempo te deixa informado, logo no come\u00e7o da manh\u00e3, sobre o clima nas cinco regi\u00f5es do pa\u00eds. Acompanhe:<\/p>\n<h2 class=\"wp-block-heading\" id=\"h-sul\">Sul<\/h2>\n<p>\u00c1reas de instabilidade provocam pancadas de chuva isolada pelo interior do <strong><a href=\"https:\/\/www.canalrural.com.br\/nacional\/rio-grande-do-sul\/\">Rio Grande do Sul<\/a><\/strong>, de Santa Catarina e do <strong><a href=\"https:\/\/www.canalrural.com.br\/nacional\/parana\/\">Paran\u00e1<\/a><\/strong>. No leste catarinense e paranaense, o transporte de umidade do oceano em dire\u00e7\u00e3o \u00e0 costa favorece para chuva isolada. Tempo firme em grande parte do Paran\u00e1 e em \u00e1reas mais a sul do territ\u00f3rio ga\u00facho.<\/p>\n<h2 class=\"wp-block-heading\" id=\"h-sudeste\">Sudeste<\/h2>\n<p>O tempo segue inst\u00e1vel e com precipita\u00e7\u00f5es a qualquer hora do dia em grande parte dos estados da Regi\u00e3o. Pode chover forte entre Esp\u00edrito Santo e Minas Gerais e n\u00e3o se descarta <strong>temporais<\/strong>. Por outro lado, em S\u00e3o Paulo, o sol aparece, mas tem previs\u00e3o para pancadas de chuva na costa litor\u00e2nea e em \u00e1reas do centro-norte do estado. J\u00e1 no oeste e sudoeste paulista, o sol predomina ao longo do dia e n\u00e3o chove.<\/p>\n<h2 class=\"wp-block-heading\" id=\"h-centro-oeste\">Centro-Oeste<\/h2>\n<p>Dia de c\u00e9u nublado e com chuva a qualquer momento entre Goi\u00e1s, <strong><a href=\"https:\/\/matogrosso.canalrural.com.br\/\">Mato Grosso<\/a><\/strong> e centro-norte de Mato Grosso do Sul, onde podem ocorrer alguns temporais localizados. No oeste e sudoeste do territ\u00f3rio sul-matogrossense chove isolado em n\u00edveis moderados e com presen\u00e7a de <strong>raios<\/strong>, enquanto a faixa leste tem tempo firme.<\/p>\n<\/div>\n<div>\n<h2 class=\"wp-block-heading\" id=\"h-nordeste\">Nordeste<\/h2>\n<p>Tempo inst\u00e1vel e com chuva a qualquer hora do dia em grande parte da Regi\u00e3o. Destaque para o tempo mais fechado e com chuva a qualquer hora na <strong><a href=\"https:\/\/www.canalrural.com.br\/nacional\/bahia\/\">Bahia<\/a><\/strong>, no Maranh\u00e3o, Piau\u00ed e no interior de Pernambuco, que podem ter chuva forte e alguns <strong>temporais<\/strong> isolados.<\/p>\n<h2 class=\"wp-block-heading\" id=\"h-norte\">Norte<\/h2>\n<p>Pancadas de chuva alternadas com per\u00edodos de abertura de sol em Rond\u00f4nia, no Amazonas, centro-sul do Par\u00e1, Tocantins e no Acre. O tempo fica firme e o sol aparece entre nuvens em Roraima, noroeste do Par\u00e1 e no interior do Amap\u00e1.<\/p>\n<\/p><\/div>\n<p><br \/>\n<br \/><a href=\"https:\/\/www.canalrural.com.br\/tempo\/dia-sera-marcado-por-temporais-e-raios-em-duas-regioes-do-pais\/\">Source link <\/a><\/p>\n","protected":false},"excerpt":{"rendered":"<p>A previs\u00e3o do tempo da parceria entre Canal Rural e Climatempo te deixa informado, logo no come\u00e7o da manh\u00e3, sobre<\/p>\n","protected":false},"author":1,"featured_media":6294,"comment_status":"open","ping_status":"open","sticky":false,"template":"","format":"standard","meta":{"_monsterinsights_skip_tracking":false,"_monsterinsights_sitenote_active":false,"_monsterinsights_sitenote_note":"","_monsterinsights_sitenote_category":0,"_uf_show_specific_survey":0,"_uf_disable_surveys":false,"footnotes":""},"categories":[1],"tags":[],"class_list":["post-8001","post","type-post","status-publish","format-standard","has-post-thumbnail","hentry","category-news"],"_links":{"self":[{"href":"https:\/\/agromt.news\/index.php?rest_route=\/wp\/v2\/posts\/8001"}],"collection":[{"href":"https:\/\/agromt.news\/index.php?rest_route=\/wp\/v2\/posts"}],"about":[{"href":"https:\/\/agromt.news\/index.php?rest_route=\/wp\/v2\/types\/post"}],"author":[{"embeddable":true,"href":"https:\/\/agromt.news\/index.php?rest_route=\/wp\/v2\/users\/1"}],"replies":[{"embeddable":true,"href":"https:\/\/agromt.news\/index.php?rest_route=%2Fwp%2Fv2%2Fcomments&post=8001"}],"version-history":[{"count":0,"href":"https:\/\/agromt.news\/index.php?rest_route=\/wp\/v2\/posts\/8001\/revisions"}],"wp:featuredmedia":[{"embeddable":true,"href":"https:\/\/agromt.news\/index.php?rest_route=\/wp\/v2\/media\/6294"}],"wp:attachment":[{"href":"https:\/\/agromt.news\/index.php?rest_route=%2Fwp%2Fv2%2Fmedia&parent=8001"}],"wp:term":[{"taxonomy":"category","embeddable":true,"href":"https:\/\/agromt.news\/index.php?rest_route=%2Fwp%2Fv2%2Fcategories&post=8001"},{"taxonomy":"post_tag","embeddable":true,"href":"https:\/\/agromt.news\/index.php?rest_route=%2Fwp%2Fv2%2Ftags&post=8001"}],"curies":[{"name":"wp","href":"https:\/\/api.w.org\/{rel}","templated":true}]}}