{"id":8000,"date":"2025-01-15T05:43:08","date_gmt":"2025-01-15T09:43:08","guid":{"rendered":"https:\/\/agromt.news\/?p=8000"},"modified":"2025-01-15T05:43:08","modified_gmt":"2025-01-15T09:43:08","slug":"santa-catarina-recebe-celebracao-da-uva-goethe","status":"publish","type":"post","link":"https:\/\/agromt.news\/?p=8000","title":{"rendered":"Santa Catarina recebe celebra\u00e7\u00e3o da Uva Goethe"},"content":{"rendered":"<p> <br \/>\n<\/p>\n<div>\n<p style=\"text-align:justify\">Segundo a Secretaria da Agricultura e Pecu\u00e1ria de Santa Catarina (SAR), a partir do dia 11 de janeiro, os Vales da Uva Goethe, localizados no Sul de Santa Catarina, se tornar\u00e3o o centro de uma celebra\u00e7\u00e3o \u00fanica que destaca a colheita da <a href=\"https:\/\/www.agrolink.com.br\/culturas\/uva?utm_source=agrolink-detalhe-noticia&amp;utm_medium=detalhe-noticia&amp;utm_campaign=links-internos\" target=\"_blank\" rel=\"noopener\">uva<\/a> e a riqueza do enoturismo regional. A Vindima 2025, que ocorre at\u00e9 9 de fevereiro, homenageia a tradi\u00e7\u00e3o, a cultura e a gastronomia locais, com um foco especial na Uva Goethe, uma das Indica\u00e7\u00f5es Geogr\u00e1ficas de Santa Catarina, que atesta a qualidade e autenticidade dos produtos da regi\u00e3o.&#13;\n<\/p>\n<p style=\"text-align:justify\">De acordo com levantamento da Epagri\/Cepa, 83% das uvas cultivadas em Santa Catarina s\u00e3o das esp\u00e9cies Americanas e h\u00edbridas, utilizadas principalmente para consumo in natura, produ\u00e7\u00e3o de sucos e vinhos coloniais. Aproximadamente 13% da produ\u00e7\u00e3o \u00e9 composta pela uva Vitis Vinifera, e 4% corresponde \u00e0 uva de mesa. A uva Goethe, uma das variedades h\u00edbridas, destaca-se na produ\u00e7\u00e3o de vinhos finos.<\/p>\n<p style=\"text-align:justify\">As principais regi\u00f5es produtoras de uvas em Santa Catarina s\u00e3o o Alto Vale do Rio do Peixe, no Meio Oeste, e o Sul do estado. Segundo o IBGE, em 2024, o estado colheu 36.682 toneladas de uvas de todas as esp\u00e9cies, abrangendo uma \u00e1rea de 3.736 hectares.&#13;\n<\/p>\n<p style=\"text-align:justify\">Os Vales da Uva Goethe foram pioneiros na obten\u00e7\u00e3o da Indica\u00e7\u00e3o de Proced\u00eancia, um selo de autenticidade concedido pelo Instituto Nacional de Propriedade Industrial (INPI), em 2012. Este reconhecimento, que contou com o apoio do Sebrae e da Epagri, refor\u00e7a a qualidade da produ\u00e7\u00e3o local e contribui para o fortalecimento do enoturismo na regi\u00e3o.<\/p>\n<p style=\"text-align:justify\">A \u00e1rea de produ\u00e7\u00e3o da uva Goethe \u00e9 privilegiada, localizada entre as encostas da Serra Geral e o litoral sul catarinense. Os munic\u00edpios que comp\u00f5em essa regi\u00e3o s\u00e3o Urussanga, Pedras Grandes, Morro da Fuma\u00e7a, Cocal do Sul, I\u00e7ara, Orleans, Treze de Maio e Nova Veneza.&#13;\n<\/p>\n<\/p><\/div>\n<p><script data-cfasync=\"false\">\n    !function (f, b, e, v, n, t, s) {\n        if (f.fbq) return; n = f.fbq = function () {\n            n.callMethod ?\n                n.callMethod.apply(n, arguments) : n.queue.push(arguments)\n        };\n        if (!f._fbq) f._fbq = n; n.push = n; n.loaded = !0; n.version = '2.0';\n        n.queue = []; t = b.createElement(e); t.async = !0;\n        t.src = v; s = b.getElementsByTagName(e)[0];\n        s.parentNode.insertBefore(t, s)\n    }(window, document, 'script',\n        'https:\/\/connect.facebook.net\/en_US\/fbevents.js');\n    fbq('init', '522546078623747');\n    fbq('track', 'PageView');\n<\/script><br \/>\n<br \/><br \/>\n<br \/><a href=\"https:\/\/www.agrolink.com.br\/noticias\/santa-catarina-recebe-celebracao-da-uva-goethe_498419.html\">Source link <\/a><\/p>\n","protected":false},"excerpt":{"rendered":"<p>Segundo a Secretaria da Agricultura e Pecu\u00e1ria de Santa Catarina (SAR), a partir do dia 11 de janeiro, os Vales<\/p>\n","protected":false},"author":1,"featured_media":2444,"comment_status":"open","ping_status":"open","sticky":false,"template":"","format":"standard","meta":{"_monsterinsights_skip_tracking":false,"_monsterinsights_sitenote_active":false,"_monsterinsights_sitenote_note":"","_monsterinsights_sitenote_category":0,"_uf_show_specific_survey":0,"_uf_disable_surveys":false,"footnotes":""},"categories":[8,1,14],"tags":[],"class_list":["post-8000","post","type-post","status-publish","format-standard","has-post-thumbnail","hentry","category-agro","category-news","category-politica-agro"],"_links":{"self":[{"href":"https:\/\/agromt.news\/index.php?rest_route=\/wp\/v2\/posts\/8000"}],"collection":[{"href":"https:\/\/agromt.news\/index.php?rest_route=\/wp\/v2\/posts"}],"about":[{"href":"https:\/\/agromt.news\/index.php?rest_route=\/wp\/v2\/types\/post"}],"author":[{"embeddable":true,"href":"https:\/\/agromt.news\/index.php?rest_route=\/wp\/v2\/users\/1"}],"replies":[{"embeddable":true,"href":"https:\/\/agromt.news\/index.php?rest_route=%2Fwp%2Fv2%2Fcomments&post=8000"}],"version-history":[{"count":0,"href":"https:\/\/agromt.news\/index.php?rest_route=\/wp\/v2\/posts\/8000\/revisions"}],"wp:featuredmedia":[{"embeddable":true,"href":"https:\/\/agromt.news\/index.php?rest_route=\/wp\/v2\/media\/2444"}],"wp:attachment":[{"href":"https:\/\/agromt.news\/index.php?rest_route=%2Fwp%2Fv2%2Fmedia&parent=8000"}],"wp:term":[{"taxonomy":"category","embeddable":true,"href":"https:\/\/agromt.news\/index.php?rest_route=%2Fwp%2Fv2%2Fcategories&post=8000"},{"taxonomy":"post_tag","embeddable":true,"href":"https:\/\/agromt.news\/index.php?rest_route=%2Fwp%2Fv2%2Ftags&post=8000"}],"curies":[{"name":"wp","href":"https:\/\/api.w.org\/{rel}","templated":true}]}}