{"id":7996,"date":"2025-01-14T23:44:32","date_gmt":"2025-01-15T03:44:32","guid":{"rendered":"https:\/\/agromt.news\/?p=7996"},"modified":"2025-01-14T23:44:32","modified_gmt":"2025-01-15T03:44:32","slug":"chuvas-acima-da-media-no-brasil-fazem-precos-do-cafe-encerrarem-6a-feira","status":"publish","type":"post","link":"https:\/\/agromt.news\/?p=7996","title":{"rendered":"Chuvas acima da m\u00e9dia no Brasil fazem pre\u00e7os do caf\u00e9 encerrarem 6\u00aa feira&#8230;"},"content":{"rendered":"<p> <br \/>\n<\/p>\n<div>\n<p><img decoding=\"async\" alt=\"Logotipo Not&#xED;cias Agr&#xED;colas\" height=\"21\" src=\"https:\/\/cdn.noticiasagricolas.com.br\/dbimagens\/e12363a00741f9cc7caf23469101a4aa.png\" width=\"106\"\/><\/p>\n<p>O mercado cafeeiro se consolidou com fortes quedas nas bolsas de NY e Londres no fechamento da sess\u00e3o desta sexta-feira (03).\u00a0<\/p>\n<p>De acordo com o Barchart, as recentes chuvas acima da m\u00e9dia no Brasil aliviaram as preocupa\u00e7\u00f5es com a seca nas principais \u00e1reas produtoras de caf\u00e9 no Brasil.\u00a0<\/p>\n<p>A Somar Meteorologia relatou na \u00faltima segunda-feira (30) que Minas Gerais (maior \u00e1rea de cultivo de caf\u00e9 ar\u00e1bica do Brasil) recebeu 102,8 mm de chuva na semana passada,\u00a0ou 182% da m\u00e9dia hist\u00f3rica.\u00a0<\/p>\n<p>O ar\u00e1bica encerra o dia ent\u00e3o registrando a desvaloriza\u00e7\u00e3o de 820 pontos no valor de 318,65 cents\/lbp no vencimento de mar\u00e7o\/25, uma baixa de 720 pontos no valor de\u00a0314,90 cents\/lbp no de maio\/25, um recuo de 705 pontos negociado por 309,10 cents\/lbp no de julho\/25, e uma queda de 760 pontos no valor de 302,20 cents\/lbp no de setembro\/25.<\/p>\n<p>J\u00e1 o robusta registra baixa de US$ 88 no valor de US$ 5.033\/tonelada no contrato de janeiro\/25, uma queda de US$ 88 no valor de US$ 4.968\/tonelada no de mar\u00e7o\/25, um recuo de\u00a0US$ 80 cotado por US$ 4.897\/tonelada no de maio\/25, e uma baixa de US$ 75 no valor de US$ 4.817\/tonelada no de julho\/25.<\/p>\n<p><strong>Mercado Interno<\/strong><\/p>\n<p>No mercado f\u00edsico brasileiro, as \u00e1reas acompanhadas pelo Not\u00edcias Agr\u00edcolas tamb\u00e9m encerram a 6\u00aa feira (03) com baixas e pre\u00e7os se mant\u00e9m na faixa dos R$ 2 mil\/saca.<\/p>\n<p>O Caf\u00e9 Ar\u00e1bica Tipo 6 registra queda de 2,16% no valor de R$ 2.270,00\/saca em Varginha\/MG, uma baixa de 1,35% em Guaxup\u00e9\/MG no valor de R$ 2.193,00\/saca, e um recuo de\u00a01,72% no valor de R$ 2.280,00\/saca em Franca\/SP.<\/p>\n<p>O Cereja Descascado encerra com baixa de 2,54% em Campos Gerais\/MG no valor de R$ 2.300,00\/saca, uma queda de 1,30% no valor de R$ 2.279,00\/saca em Guaxup\u00e9\/MG, e uma baixa de\u00a00,42% no valor de R$ 2.380,00\/saca em Po\u00e7os de Caldas\/MG.\u00a0<br \/>\u00a0<\/p>\n<\/p><\/div>\n<p><script async defer src=\"https:\/\/connect.facebook.net\/en_US\/sdk.js\" type=\"cfadc4fe1761aa160ae73664-text\/javascript\"><\/script><script type=\"cfadc4fe1761aa160ae73664-text\/javascript\">\n  !function(f,b,e,v,n,t,s)\n  {if(f.fbq)return;n=f.fbq=function(){n.callMethod?\n    n.callMethod.apply(n,arguments):n.queue.push(arguments)};\n    if(!f._fbq)f._fbq=n;n.push=n;n.loaded=!0;n.version='2.0';\n    n.queue=[];t=b.createElement(e);t.async=!0;\n    t.src=v;s=b.getElementsByTagName(e)[0];\n    s.parentNode.insertBefore(t,s)}(window, document,'script',\n    'https:\/\/connect.facebook.net\/en_US\/fbevents.js');\n  fbq('init', '153495679422335');\n  fbq('track', 'PageView');\n<\/script><br \/>\n<br \/><br \/>\n<br \/><a href=\"https:\/\/www.noticiasagricolas.com.br\/noticias\/cafe\/391619-chuvas-acima-da-media-no-brasil-fazem-precos-do-cafe-encerrarem-6-feira-03-com-baixas-nas-bolsas-internacionais.html\">Source link <\/a><\/p>\n","protected":false},"excerpt":{"rendered":"<p>O mercado cafeeiro se consolidou com fortes quedas nas bolsas de NY e Londres no fechamento da sess\u00e3o desta sexta-feira<\/p>\n","protected":false},"author":1,"featured_media":7997,"comment_status":"open","ping_status":"open","sticky":false,"template":"","format":"standard","meta":{"_monsterinsights_skip_tracking":false,"_monsterinsights_sitenote_active":false,"_monsterinsights_sitenote_note":"","_monsterinsights_sitenote_category":0,"_uf_show_specific_survey":0,"_uf_disable_surveys":false,"footnotes":""},"categories":[8,1,14,16],"tags":[],"class_list":["post-7996","post","type-post","status-publish","format-standard","has-post-thumbnail","hentry","category-agro","category-news","category-politica-agro","category-safra"],"_links":{"self":[{"href":"https:\/\/agromt.news\/index.php?rest_route=\/wp\/v2\/posts\/7996"}],"collection":[{"href":"https:\/\/agromt.news\/index.php?rest_route=\/wp\/v2\/posts"}],"about":[{"href":"https:\/\/agromt.news\/index.php?rest_route=\/wp\/v2\/types\/post"}],"author":[{"embeddable":true,"href":"https:\/\/agromt.news\/index.php?rest_route=\/wp\/v2\/users\/1"}],"replies":[{"embeddable":true,"href":"https:\/\/agromt.news\/index.php?rest_route=%2Fwp%2Fv2%2Fcomments&post=7996"}],"version-history":[{"count":0,"href":"https:\/\/agromt.news\/index.php?rest_route=\/wp\/v2\/posts\/7996\/revisions"}],"wp:featuredmedia":[{"embeddable":true,"href":"https:\/\/agromt.news\/index.php?rest_route=\/wp\/v2\/media\/7997"}],"wp:attachment":[{"href":"https:\/\/agromt.news\/index.php?rest_route=%2Fwp%2Fv2%2Fmedia&parent=7996"}],"wp:term":[{"taxonomy":"category","embeddable":true,"href":"https:\/\/agromt.news\/index.php?rest_route=%2Fwp%2Fv2%2Fcategories&post=7996"},{"taxonomy":"post_tag","embeddable":true,"href":"https:\/\/agromt.news\/index.php?rest_route=%2Fwp%2Fv2%2Ftags&post=7996"}],"curies":[{"name":"wp","href":"https:\/\/api.w.org\/{rel}","templated":true}]}}