{"id":7993,"date":"2025-01-14T21:39:51","date_gmt":"2025-01-15T01:39:51","guid":{"rendered":"https:\/\/agromt.news\/?p=7993"},"modified":"2025-01-14T21:39:51","modified_gmt":"2025-01-15T01:39:51","slug":"complexo-penitenciario-utiliza-atividades-agricolas-para-ressocializacao-de-detentos","status":"publish","type":"post","link":"https:\/\/agromt.news\/?p=7993","title":{"rendered":"Complexo penitenci\u00e1rio utiliza atividades agr\u00edcolas para ressocializa\u00e7\u00e3o de detentos"},"content":{"rendered":"<p> <br \/>\n<\/p>\n<div>\n<p>Em quatro unidades do complexo penitenci\u00e1rio de Joinville, munic\u00edpio do norte de <strong><a href=\"https:\/\/www.canalrural.com.br\/tag\/santa-catarina\/\">Santa Catarina<\/a><\/strong>, detentos no regime semi-aberto t\u00eam a oportunidade de trabalhar com atividades agr\u00edcolas em troca de sal\u00e1rio e redu\u00e7\u00e3o de pena. <\/p>\n<p>Assim, cultivam grande variedade de frutas, legumes e verduras nos 96 hectares dispon\u00edveis ao redor do pres\u00eddio. <\/p>\n<p>A produ\u00e7\u00e3o aqui basicamente \u00e9 de frutas, feij\u00e3o, milho, tub\u00e9rculos, como mandioca, batata-doce, beterraba, assim como as ra\u00edzes tuberosas, tamb\u00e9m cebola e alho\u201d, detalha o superintendente da Pol\u00edcia Penal catarinense, Guimorvan Boita.<\/p>\n<figure class=\"wp-block-embed is-type-video is-provider-youtube wp-block-embed-youtube wp-embed-aspect-16-9 wp-has-aspect-ratio\">\n<p>\n<iframe title=\"Reinser\u00e7\u00e3o social | Em SC, agricultura \u00e9 ferramenta em complexo penitenci\u00e1rio\" width=\"800\" height=\"450\" src=\"https:\/\/www.youtube.com\/embed\/iQ3_kFsPl3Q?feature=oembed\" frameborder=\"0\" allow=\"accelerometer; autoplay; clipboard-write; encrypted-media; gyroscope; picture-in-picture; web-share\" referrerpolicy=\"strict-origin-when-cross-origin\" allowfullscreen><\/iframe><noscript><iframe title=\"Reinser\u00e7\u00e3o social | Em SC, agricultura \u00e9 ferramenta em complexo penitenci\u00e1rio\" width=\"800\" height=\"450\" src=\"https:\/\/www.youtube.com\/embed\/iQ3_kFsPl3Q?feature=oembed\" frameborder=\"0\" allow=\"accelerometer; autoplay; clipboard-write; encrypted-media; gyroscope; picture-in-picture; web-share\" referrerpolicy=\"strict-origin-when-cross-origin\" allowfullscreen><\/iframe><\/noscript>\n<\/p>\n<\/figure>\n<p>Segundo ele, os produtos colhidos s\u00e3o utilizados na pr\u00f3pria cozinha das penitenci\u00e1rias, mas tamb\u00e9m s\u00e3o vendidos para hospitais, mercados e para a popula\u00e7\u00e3o das cidades vizinhas. <\/p>\n<p>A renda mensal da produ\u00e7\u00e3o gira em torno de R$ 80 mil, cerca de R$ 1 milh\u00e3o por ano. \u201cNosso complexo tem um fundo rotativo que gira em torno de R$ 4 milh\u00f5es e nesse fundo rotativo, temos iniciativa pr\u00f3pria tanto de fazer licita\u00e7\u00e3o, compra de produtos, de material, ent\u00e3o tudo o que a gente precisa dentro do nosso complexo ou de nossa Regional \u00e9 retirado desse trabalho\u201d, afirma o superintendente.<\/p>\n<h2 class=\"wp-block-heading\" id=\"h-programa-combate-a-ociosidade\">Programa combate a ociosidade<\/h2>\n<p>Apesar de o programa n\u00e3o ser novo, pelo contr\u00e1rio, come\u00e7ou na d\u00e9cada de 1970 com a inaugura\u00e7\u00e3o da penitenci\u00e1ria que, na \u00e9poca, tinha apenas 50 presos e hoje conta com cerca de 3.300 detentos, vem evoluindo para combater a ociosidade dentro do pres\u00eddio.<\/p>\n<p>\u201cTodo preso que trabalha ganha um sal\u00e1rio m\u00ednimo. Ele n\u00e3o pode ganhar menos do que isso, mas 75% desse montante fica para o preso em uma conta pec\u00falio e 25% retorna para a unidade para que possamos investir em benef\u00edcios, em criar mais oficinas, em obras e melhorias tanto para o interno como para a pr\u00f3pria unidade\u201d.<\/p>\n<\/div>\n<div>\n<p>Segundo Boita, a cada tr\u00eas dias trabalhado, o interno ganha um dia de remiss\u00e3o de pena. \u201cAl\u00e9m disso, ele tamb\u00e9m tem outros benef\u00edcios: durante a noite ele pode estudar, ent\u00e3o de segunda \u00e0 sexta ele trabalha 8 horas por dia [\u2026]. No s\u00e1bado ele pode trabalhar outras quatro horas, mas n\u00e3o pode ultrapassar 44 horas semanais de trabalho\u201d.<\/p>\n<h2 class=\"wp-block-heading\" id=\"h-vida-agricola-pos-carcere\">Vida agr\u00edcola p\u00f3s-c\u00e1rcere<\/h2>\n<p>Aprender a lidar com a terra em Joinville ajuda o interno a se ressocializar ao fim da pena, visto que o munic\u00edpio conta com forte presen\u00e7a do agro e, ao mesmo tempo, com m\u00e3o de obra escassa.<\/p>\n<p>De acordo com o superintente, n\u00e3o h\u00e1 acompanhamento da vida do detento ap\u00f3s o cuprimento da pena, mas existem relatos de presos que aprenderam t\u00e9cnicas agr\u00edcolas no complexo penitenci\u00e1rio. <\/p>\n<p>\u201cSabemos de alguns que quando sa\u00edram, j\u00e1 tinham alguma terra ou acabaram alugando uma \u00e1rea de terra e esse foi o primeiro passo para eles produzirem em sua pr\u00f3pria terra\u201d. <\/p>\n<p>O superintendente da Pol\u00edcia Penal relata que quando os detentos iniciam o trabalho nas hortas do complexo, dizem que sa\u00edram do inferno para entrar no c\u00e9u. \u201cEle passa a estar em um ambiente produtivo, bonito, um ambiente onde se produz alimento\u201d.<\/p>\n<h2 class=\"wp-block-heading\" id=\"h-estrutura-para-a-producao\">Estrutura para a produ\u00e7\u00e3o<\/h2>\n<figure class=\"wp-block-image size-full\"><img fetchpriority=\"high\" decoding=\"async\" width=\"758\" height=\"446\" alt=\"ressocializa\u00e7\u00e3o complexo penitenci\u00e1rio Joinville\" class=\"wp-image-4083366\"  data-lazy- src=\"https:\/\/agromt.news\/wp-content\/uploads\/2025\/01\/Complexo-penitenciario-utiliza-atividades-agricolas-para-ressocializacao-de-detentos.jpg\"\/><img decoding=\"async\" width=\"758\" height=\"446\" src=\"https:\/\/agromt.news\/wp-content\/uploads\/2025\/01\/Complexo-penitenciario-utiliza-atividades-agricolas-para-ressocializacao-de-detentos.jpg\" alt=\"ressocializa\u00e7\u00e3o complexo penitenci\u00e1rio Joinville\" class=\"wp-image-4083366\"  \/><figcaption class=\"wp-element-caption\">Foto: Reprodu\u00e7\u00e3o<\/figcaption><\/figure>\n<p>Os detentos recebem toda a estrutura necess\u00e1ria para o cultivo, como sementes, fertilizantes e defensivos, al\u00e9m dos equipamentos agr\u00edcolas. A Secretaria de Agricultura de Santa Catarina doou, inclusive, um novo trator para substituir o antigo. <\/p>\n<p>De acordo com o secret\u00e1rio de Agricultura de Santa Catarina, Valdir Colatto, a ideia \u00e9 fazer com que todos os pres\u00eddios de Santa Catarina tenham o programa de ressocializa\u00e7\u00e3o por meio das atividades agr\u00edcolas.<\/p>\n<p>J\u00e1 o superintendente da Pol\u00edcia Penal acredita que o modelo deveria ser replicado em todo o pa\u00eds. \u201cO preso que trabalha pode ajudar a sua fam\u00edlia do lado de fora e tamb\u00e9m n\u00e3o tem tempo de pensar em fazer coisas erradas. Ao terminar o trabalho, ele chega em sua cela, toma banho e ainda pode estudar por mais duas ou tr\u00eas horas \u00e0 noite\u201d.<\/p>\n<\/p><\/div>\n<p><br \/>\n<br \/><a href=\"https:\/\/www.canalrural.com.br\/agricultura\/complexo-penitenciario-utiliza-atividades-agricolas-para-ressocializacao-de-detentos\/\">Source link <\/a><\/p>\n","protected":false},"excerpt":{"rendered":"<p>Em quatro unidades do complexo penitenci\u00e1rio de Joinville, munic\u00edpio do norte de Santa Catarina, detentos no regime semi-aberto t\u00eam a<\/p>\n","protected":false},"author":1,"featured_media":7994,"comment_status":"open","ping_status":"open","sticky":false,"template":"","format":"standard","meta":{"_monsterinsights_skip_tracking":false,"_monsterinsights_sitenote_active":false,"_monsterinsights_sitenote_note":"","_monsterinsights_sitenote_category":0,"_uf_show_specific_survey":0,"_uf_disable_surveys":false,"footnotes":""},"categories":[1],"tags":[],"class_list":["post-7993","post","type-post","status-publish","format-standard","has-post-thumbnail","hentry","category-news"],"_links":{"self":[{"href":"https:\/\/agromt.news\/index.php?rest_route=\/wp\/v2\/posts\/7993"}],"collection":[{"href":"https:\/\/agromt.news\/index.php?rest_route=\/wp\/v2\/posts"}],"about":[{"href":"https:\/\/agromt.news\/index.php?rest_route=\/wp\/v2\/types\/post"}],"author":[{"embeddable":true,"href":"https:\/\/agromt.news\/index.php?rest_route=\/wp\/v2\/users\/1"}],"replies":[{"embeddable":true,"href":"https:\/\/agromt.news\/index.php?rest_route=%2Fwp%2Fv2%2Fcomments&post=7993"}],"version-history":[{"count":0,"href":"https:\/\/agromt.news\/index.php?rest_route=\/wp\/v2\/posts\/7993\/revisions"}],"wp:featuredmedia":[{"embeddable":true,"href":"https:\/\/agromt.news\/index.php?rest_route=\/wp\/v2\/media\/7994"}],"wp:attachment":[{"href":"https:\/\/agromt.news\/index.php?rest_route=%2Fwp%2Fv2%2Fmedia&parent=7993"}],"wp:term":[{"taxonomy":"category","embeddable":true,"href":"https:\/\/agromt.news\/index.php?rest_route=%2Fwp%2Fv2%2Fcategories&post=7993"},{"taxonomy":"post_tag","embeddable":true,"href":"https:\/\/agromt.news\/index.php?rest_route=%2Fwp%2Fv2%2Ftags&post=7993"}],"curies":[{"name":"wp","href":"https:\/\/api.w.org\/{rel}","templated":true}]}}