{"id":7981,"date":"2025-01-14T19:22:10","date_gmt":"2025-01-14T23:22:10","guid":{"rendered":"https:\/\/agromt.news\/?p=7981"},"modified":"2025-01-14T19:22:10","modified_gmt":"2025-01-14T23:22:10","slug":"excesso-de-chuvas-paralisa-colheita-de-soja-e-traz-risco-de-perdas","status":"publish","type":"post","link":"https:\/\/agromt.news\/?p=7981","title":{"rendered":"Excesso de chuvas paralisa colheita de soja e traz risco de perdas"},"content":{"rendered":"<p> <br \/>\n<br \/><img decoding=\"async\" src=\"https:\/\/agromt.news\/wp-content\/uploads\/2025\/01\/Excesso-de-chuvas-paralisa-colheita-de-soja-e-traz-risco.png\" \/><\/p>\n<div>\n<p>O <a href=\"https:\/\/www.canalrural.com.br\/agricultura\/projeto-soja-brasil\/\">excesso <\/a>de chuvas tem causado transtornos e paralisa\u00e7\u00f5es nas atividades agr\u00edcolas em Mato Grosso, colocando em risco a produtividade da soja neste in\u00edcio de colheita da safra 2024\/2025. Os produtores enfrentam desafios com a alta umidade do solo, dificultando a entrada das m\u00e1quinas e aumentando os custos de opera\u00e7\u00e3o.<\/p>\n<figure class=\"wp-block-embed is-type-video is-provider-youtube wp-block-embed-youtube wp-embed-aspect-16-9 wp-has-aspect-ratio\">\n<p>\n<iframe title=\"Excesso de chuvas paralisa colheita de soja e traz risco de perdas\" width=\"800\" height=\"450\" src=\"https:\/\/www.youtube.com\/embed\/pEBIQSqIa7I?feature=oembed\" frameborder=\"0\" allow=\"accelerometer; autoplay; clipboard-write; encrypted-media; gyroscope; picture-in-picture; web-share\" referrerpolicy=\"strict-origin-when-cross-origin\" allowfullscreen><\/iframe><noscript><iframe title=\"Excesso de chuvas paralisa colheita de soja e traz risco de perdas\" width=\"800\" height=\"450\" src=\"https:\/\/www.youtube.com\/embed\/pEBIQSqIa7I?feature=oembed\" frameborder=\"0\" allow=\"accelerometer; autoplay; clipboard-write; encrypted-media; gyroscope; picture-in-picture; web-share\" referrerpolicy=\"strict-origin-when-cross-origin\" allowfullscreen><\/iframe><\/noscript>\n<\/p>\n<\/figure>\n<p>A primeira \u00e1rea colhida pela equipe do gerente de produ\u00e7\u00e3o no munic\u00edpio de Campos de Julho teve uma produtividade m\u00e9dia de 76 sacas por hectare. O excesso de chuvas, segundo ele, est\u00e1 comprometendo o andamento da colheita. O grande desafio, de acordo com o gerente, ser\u00e1 o clima, especialmente agora, em janeiro e fevereiro, per\u00edodos cr\u00edticos para a colheita. As m\u00e1quinas precisam estar preparadas para trabalhar com alta performance e na hora certa, para evitar perdas na lavoura.<\/p>\n<\/div>\n<div>\n<p>Em outras propriedades de soja, a umidade excessiva tem gerado dificuldades semelhantes. Naquelas \u00e1reas de sequeiro, a constante chuva tem impedido o rendimento esperado das m\u00e1quinas, dificultando o trabalho de colheita. A situa\u00e7\u00e3o exige agilidade, j\u00e1 que qualquer janela de sol precisa ser aproveitada ao m\u00e1ximo para evitar a perda de produ\u00e7\u00e3o.<\/p>\n<p>Nos munic\u00edpios onde a produ\u00e7\u00e3o \u00e9 mais concentrada, como Sorriso, o problema tamb\u00e9m se repete. L\u00e1, a colheita est\u00e1 sendo escalonada nas \u00e1reas irrigadas, com as m\u00e1quinas funcionando apenas em per\u00edodos intercalados para evitar danos. A chuva constante tem feito com que as m\u00e1quinas fiquem paradas por dias, gerando preocupa\u00e7\u00e3o entre os produtores.<\/p>\n<p>Al\u00e9m disso, a situa\u00e7\u00e3o nas \u00e1reas de sequeiro, onde a concentra\u00e7\u00e3o de produ\u00e7\u00e3o \u00e9 maior, tamb\u00e9m \u00e9 preocupante. A falta de chuva at\u00e9 meados de outubro atrasou o plantio, mas, com o ritmo acelerado de semeadura depois disso, muitas \u00e1reas ficaram prontas para a colheita em um curto espa\u00e7o de tempo. A preocupa\u00e7\u00e3o com o risco de perdas devido \u00e0 chuva intensa \u00e9 crescente, j\u00e1 que a janela para a colheita \u00e9 estreita e o clima tem dificultado o trabalho no campo.<a href=\"https:\/\/www.youtube.com\/@CanalruralBr\"\/><\/p>\n<\/p><\/div>\n<p><br \/>\n<br \/><a href=\"https:\/\/www.canalrural.com.br\/agricultura\/projeto-soja-brasil\/excesso-de-chuvas-paralisa-colheita-de-soja-e-traz-risco-de-perdas\/\">Source link <\/a><\/p>\n","protected":false},"excerpt":{"rendered":"<p>O excesso de chuvas tem causado transtornos e paralisa\u00e7\u00f5es nas atividades agr\u00edcolas em Mato Grosso, colocando em risco a produtividade<\/p>\n","protected":false},"author":1,"featured_media":7982,"comment_status":"open","ping_status":"open","sticky":false,"template":"","format":"standard","meta":{"_monsterinsights_skip_tracking":false,"_monsterinsights_sitenote_active":false,"_monsterinsights_sitenote_note":"","_monsterinsights_sitenote_category":0,"_uf_show_specific_survey":0,"_uf_disable_surveys":false,"footnotes":""},"categories":[1],"tags":[],"class_list":["post-7981","post","type-post","status-publish","format-standard","has-post-thumbnail","hentry","category-news"],"_links":{"self":[{"href":"https:\/\/agromt.news\/index.php?rest_route=\/wp\/v2\/posts\/7981"}],"collection":[{"href":"https:\/\/agromt.news\/index.php?rest_route=\/wp\/v2\/posts"}],"about":[{"href":"https:\/\/agromt.news\/index.php?rest_route=\/wp\/v2\/types\/post"}],"author":[{"embeddable":true,"href":"https:\/\/agromt.news\/index.php?rest_route=\/wp\/v2\/users\/1"}],"replies":[{"embeddable":true,"href":"https:\/\/agromt.news\/index.php?rest_route=%2Fwp%2Fv2%2Fcomments&post=7981"}],"version-history":[{"count":0,"href":"https:\/\/agromt.news\/index.php?rest_route=\/wp\/v2\/posts\/7981\/revisions"}],"wp:featuredmedia":[{"embeddable":true,"href":"https:\/\/agromt.news\/index.php?rest_route=\/wp\/v2\/media\/7982"}],"wp:attachment":[{"href":"https:\/\/agromt.news\/index.php?rest_route=%2Fwp%2Fv2%2Fmedia&parent=7981"}],"wp:term":[{"taxonomy":"category","embeddable":true,"href":"https:\/\/agromt.news\/index.php?rest_route=%2Fwp%2Fv2%2Fcategories&post=7981"},{"taxonomy":"post_tag","embeddable":true,"href":"https:\/\/agromt.news\/index.php?rest_route=%2Fwp%2Fv2%2Ftags&post=7981"}],"curies":[{"name":"wp","href":"https:\/\/api.w.org\/{rel}","templated":true}]}}