{"id":798,"date":"2024-08-26T20:09:10","date_gmt":"2024-08-27T00:09:10","guid":{"rendered":"https:\/\/agromt.news\/?p=798"},"modified":"2024-08-26T20:09:10","modified_gmt":"2024-08-27T00:09:10","slug":"mandioca-media-avanca-pela-11a-semana-consecutiva","status":"publish","type":"post","link":"https:\/\/agromt.news\/?p=798","title":{"rendered":"Mandioca: m\u00e9dia avan\u00e7a pela 11\u00aa semana consecutiva"},"content":{"rendered":"<p> <br \/>\n<\/p>\n<div>\n<figure><img decoding=\"async\" src=\"https:\/\/agromt.news\/wp-content\/uploads\/2024\/08\/Mandioca-media-avanca-pela-11a-semana-consecutiva.jpg\" alt=\"Mandioca\" \/><figcaption>Foto: Jos\u00e9 Fernando Ogura\/Arquivo AEN<\/figcaption><\/figure>\n<\/div>\n<p>Os pre\u00e7os da mandioca continuam subindo em todas as regi\u00f5es acompanhadas pelo <a href=\"https:\/\/www.canalrural.com.br\/tag\/cepea\/\">Cepea<\/a> \u2013 a \u00faltima semana foi a 11\u00aa consecutiva de alta. <\/p>\n<p>O impulso vem da combina\u00e7\u00e3o de oferta restrita com demanda aquecida, conforme explicam pesquisadores do Cepea. <\/p>\n<p><em>Confira na palma da m\u00e3o informa\u00e7\u00f5es quentes sobre agricultura, pecu\u00e1ria, economia e previs\u00e3o do tempo:<\/em><a href=\"https:\/\/www.whatsapp.com\/channel\/0029Va9VnZxGk1FplZjiW43k\"><em> <\/em><strong>siga o Canal Rural no WhatsApp<\/strong><\/a>!<\/p>\n<p>Enquanto produtores seguem com baixo interesse em negociar lavouras de 1\u00ba ciclo e a estiagem se agrava na maioria das \u00e1reas, a procura por mat\u00e9ria-prima continua fortalecida, sobretudo pelas fecularias que visam a forma\u00e7\u00e3o ou reposi\u00e7\u00e3o de estoques, ainda segundo pesquisas do Cepea.<\/p>\n<p>O post <a href=\"https:\/\/www.canalrural.com.br\/agricultura\/mandioca-media-avanca-pela-11a-semana-consecutiva\/\">Mandioca: m\u00e9dia avan\u00e7a pela 11\u00aa semana consecutiva<\/a> apareceu primeiro em <a href=\"https:\/\/www.canalrural.com.br\">Canal Rural<\/a>.<\/p>\n<p><br \/>\n<br \/><a href=\"https:\/\/www.canalrural.com.br\/agricultura\/mandioca-media-avanca-pela-11a-semana-consecutiva\/\">Source link <\/a><\/p>\n","protected":false},"excerpt":{"rendered":"<p>Foto: Jos\u00e9 Fernando Ogura\/Arquivo AEN Os pre\u00e7os da mandioca continuam subindo em todas as regi\u00f5es acompanhadas pelo Cepea \u2013 a<\/p>\n","protected":false},"author":1,"featured_media":799,"comment_status":"open","ping_status":"open","sticky":false,"template":"","format":"standard","meta":{"_monsterinsights_skip_tracking":false,"_monsterinsights_sitenote_active":false,"_monsterinsights_sitenote_note":"","_monsterinsights_sitenote_category":0,"_uf_show_specific_survey":0,"_uf_disable_surveys":false,"footnotes":""},"categories":[1],"tags":[],"class_list":["post-798","post","type-post","status-publish","format-standard","has-post-thumbnail","hentry","category-news"],"_links":{"self":[{"href":"https:\/\/agromt.news\/index.php?rest_route=\/wp\/v2\/posts\/798"}],"collection":[{"href":"https:\/\/agromt.news\/index.php?rest_route=\/wp\/v2\/posts"}],"about":[{"href":"https:\/\/agromt.news\/index.php?rest_route=\/wp\/v2\/types\/post"}],"author":[{"embeddable":true,"href":"https:\/\/agromt.news\/index.php?rest_route=\/wp\/v2\/users\/1"}],"replies":[{"embeddable":true,"href":"https:\/\/agromt.news\/index.php?rest_route=%2Fwp%2Fv2%2Fcomments&post=798"}],"version-history":[{"count":0,"href":"https:\/\/agromt.news\/index.php?rest_route=\/wp\/v2\/posts\/798\/revisions"}],"wp:featuredmedia":[{"embeddable":true,"href":"https:\/\/agromt.news\/index.php?rest_route=\/wp\/v2\/media\/799"}],"wp:attachment":[{"href":"https:\/\/agromt.news\/index.php?rest_route=%2Fwp%2Fv2%2Fmedia&parent=798"}],"wp:term":[{"taxonomy":"category","embeddable":true,"href":"https:\/\/agromt.news\/index.php?rest_route=%2Fwp%2Fv2%2Fcategories&post=798"},{"taxonomy":"post_tag","embeddable":true,"href":"https:\/\/agromt.news\/index.php?rest_route=%2Fwp%2Fv2%2Ftags&post=798"}],"curies":[{"name":"wp","href":"https:\/\/api.w.org\/{rel}","templated":true}]}}