{"id":7969,"date":"2025-01-14T15:01:51","date_gmt":"2025-01-14T19:01:51","guid":{"rendered":"https:\/\/agromt.news\/?p=7969"},"modified":"2025-01-14T15:01:51","modified_gmt":"2025-01-14T19:01:51","slug":"estiagem-traz-aumento-acentuado-no-acionamento-de-seguro-rural","status":"publish","type":"post","link":"https:\/\/agromt.news\/?p=7969","title":{"rendered":"Estiagem traz aumento acentuado no acionamento de seguro rural"},"content":{"rendered":"<p> <br \/>\n<\/p>\n<div>\n<p>Com a confirma\u00e7\u00e3o da La Ni\u00f1a, alguns alertas surgem para os produtores do centro-sul do Brasil, visto que, um dos efeitos do fen\u00f4meno nesta regi\u00e3o \u00e9 a redu\u00e7\u00e3o dos volumes de chuvas no sul do Brasil.<\/p>\n<p>E de fato, nos \u00faltimos 30 dias, existe um d\u00e9ficit significativo das chuvas em rela\u00e7\u00e3o \u00e0 m\u00e9dia deste mesmo per\u00edodo, com registros de at\u00e9 -150 mm em rela\u00e7\u00e3o ao que seria esperado para esta mesma \u00e9poca do ano.<\/p>\n<p>O sul do Mato Grosso do Sul, sul de S\u00e3o Paulo, Paran\u00e1, Santa Catarina e Rio Grande do Sul, est\u00e3o com chuvas abaixo da m\u00e9dia. Embora, essas precipita\u00e7\u00f5es estejam ocorrendo, a distribui\u00e7\u00e3o e os volumes v\u00eam sendo muito irregulares.<\/p>\n<p style=\"text-align:center\"><em><img decoding=\"async\" class=\"img-fluid\" src=\"https:\/\/www.agrolink.com.br\/Upload\/noticias\/275a26cc26eb41278f46b4f2dd38bbfe.jpg\"\/><br \/>&#13;<br \/>\nMapa de diferen\u00e7a entre a chuva registrada e a m\u00e9dia para o per\u00edodo. \u00c1reas em amarelo\/laranja indicam chuvas abaixo da m\u00e9dia, \u00e1reas em azul indicam chuvas acima da m\u00e9dia. Fonte: Agrolink.<\/em><\/p>\n<p>Diante deste cen\u00e1rio, algumas lavouras est\u00e3o sendo afetadas, sobretudo aquelas que est\u00e3o avan\u00e7ando entre a flora\u00e7\u00e3o e desenvolvimento vegetatitvo.<br \/>&#13;<br \/>\nSegundo publica\u00e7\u00e3o de Willian Lange Gomes, perito avaliador de sinistros na Nova Safra Assessoria e Per\u00edcia Rural, na rede social Linkedin, em dezembro, h\u00e1 exato 1 m\u00eas, j\u00e1 se apontava a situa\u00e7\u00e3o da regi\u00e3o entre Dourados, Caarap\u00f3 e Laguna Carap\u00e3, que passava por uma restri\u00e7\u00e3o h\u00eddrica de 20 dias, marcando o in\u00edcio do impacto do veranico na microrregi\u00e3o Sul de Mato Grosso do Sul.&#13;\n<\/p>\n<p>J\u00e1 naquela ocasi\u00e3o, foi observado abortamento de bot\u00f5es florais e redu\u00e7\u00e3o da \u00e1rea foliar, sinais de que a estiagem teria consequ\u00eancias severas.<\/p>\n<p>Agora, os resultados est\u00e3o mais evidentes, com aumento acentuado no acionamento de ap\u00f3lices de seguro rural, sobretudo nos munic\u00edpios de Dourados, Caarap\u00f3 e Laguna Carap\u00e3.<\/p>\n<h3>Danos Observados<\/h3>\n<ul>&#13;<\/p>\n<li><strong>Desfolha intensa e morte de plantas jovens:<\/strong> A falta de \u00e1gua, aliada \u00e0s temperaturas elevadas, tem provocado desfolha significativa e mortalidade de plantas jovens, em especial naquelas \u00e1reas onde houve replantio em dezembro e no final de novembro.<\/li>\n<p>&#13;<\/p>\n<li><strong>Redu\u00e7\u00e3o abrupta do n\u00famero de vagens:<\/strong> O veranico levou \u00e0 diminui\u00e7\u00e3o expressiva de bot\u00f5es florais e ao abortamento de vagens, afetando diretamente a produtividade das lavouras.<\/li>\n<p>&#13;\n<\/ul>\n<h3>Culturas Afetadas<\/h3>\n<ul>&#13;<\/p>\n<li><strong>Soja:<\/strong> O estresse h\u00eddrico vem prejudicando o desenvolvimento da soja, causando perdas estimadas em at\u00e9 30% das \u00e1reas plantadas.<\/li>\n<p>&#13;<\/p>\n<li><strong>Sorgo:<\/strong> A situa\u00e7\u00e3o de estresse t\u00e9rmico e h\u00eddrico tamb\u00e9m afeta o sorgo, comprometendo sua produtividade. Em novembro e dezembro, registrou-se falta de sementes de sorgo no estado de Mato Grosso do Sul, o que fez com que muitos produtores optassem por essa cultura como alternativa \u00e0 soja.<\/li>\n<p>&#13;<br \/>\n&#13;<br \/>\n&#13;\n<\/ul>\n<p>Al\u00e9m do Mato Grosso do Sul, as principais regi\u00f5es produtoras de soja do Paran\u00e1 e Rio Grande do Sul tamb\u00e9m est\u00e3o enfrentando uma condi\u00e7\u00e3o de estiagem, o que pode afetar o desenvolvimento das lavouras, principalmente naquelas plantadas tardiamente o que pode comprometer o rendimento final da safra de 2024\/25.<\/p>\n<p>\u00a0<\/p>\n<\/p><\/div>\n<p><script data-cfasync=\"false\">\n    !function (f, b, e, v, n, t, s) {\n        if (f.fbq) return; n = f.fbq = function () {\n            n.callMethod ?\n                n.callMethod.apply(n, arguments) : n.queue.push(arguments)\n        };\n        if (!f._fbq) f._fbq = n; n.push = n; n.loaded = !0; n.version = '2.0';\n        n.queue = []; t = b.createElement(e); t.async = !0;\n        t.src = v; s = b.getElementsByTagName(e)[0];\n        s.parentNode.insertBefore(t, s)\n    }(window, document, 'script',\n        'https:\/\/connect.facebook.net\/en_US\/fbevents.js');\n    fbq('init', '522546078623747');\n    fbq('track', 'PageView');\n<\/script><br \/>\n<br \/><br \/>\n<br \/><a href=\"https:\/\/www.agrolink.com.br\/noticias\/estiagem-traz-aumento-acentuado-no-acionamento-de-seguro-rural_498369.html\">Source link <\/a><\/p>\n","protected":false},"excerpt":{"rendered":"<p>Com a confirma\u00e7\u00e3o da La Ni\u00f1a, alguns alertas surgem para os produtores do centro-sul do Brasil, visto que, um dos<\/p>\n","protected":false},"author":1,"featured_media":7970,"comment_status":"open","ping_status":"open","sticky":false,"template":"","format":"standard","meta":{"_monsterinsights_skip_tracking":false,"_monsterinsights_sitenote_active":false,"_monsterinsights_sitenote_note":"","_monsterinsights_sitenote_category":0,"_uf_show_specific_survey":0,"_uf_disable_surveys":false,"footnotes":""},"categories":[8,1,14],"tags":[],"class_list":["post-7969","post","type-post","status-publish","format-standard","has-post-thumbnail","hentry","category-agro","category-news","category-politica-agro"],"_links":{"self":[{"href":"https:\/\/agromt.news\/index.php?rest_route=\/wp\/v2\/posts\/7969"}],"collection":[{"href":"https:\/\/agromt.news\/index.php?rest_route=\/wp\/v2\/posts"}],"about":[{"href":"https:\/\/agromt.news\/index.php?rest_route=\/wp\/v2\/types\/post"}],"author":[{"embeddable":true,"href":"https:\/\/agromt.news\/index.php?rest_route=\/wp\/v2\/users\/1"}],"replies":[{"embeddable":true,"href":"https:\/\/agromt.news\/index.php?rest_route=%2Fwp%2Fv2%2Fcomments&post=7969"}],"version-history":[{"count":0,"href":"https:\/\/agromt.news\/index.php?rest_route=\/wp\/v2\/posts\/7969\/revisions"}],"wp:featuredmedia":[{"embeddable":true,"href":"https:\/\/agromt.news\/index.php?rest_route=\/wp\/v2\/media\/7970"}],"wp:attachment":[{"href":"https:\/\/agromt.news\/index.php?rest_route=%2Fwp%2Fv2%2Fmedia&parent=7969"}],"wp:term":[{"taxonomy":"category","embeddable":true,"href":"https:\/\/agromt.news\/index.php?rest_route=%2Fwp%2Fv2%2Fcategories&post=7969"},{"taxonomy":"post_tag","embeddable":true,"href":"https:\/\/agromt.news\/index.php?rest_route=%2Fwp%2Fv2%2Ftags&post=7969"}],"curies":[{"name":"wp","href":"https:\/\/api.w.org\/{rel}","templated":true}]}}