{"id":7965,"date":"2025-01-14T13:55:27","date_gmt":"2025-01-14T17:55:27","guid":{"rendered":"https:\/\/agromt.news\/?p=7965"},"modified":"2025-01-14T13:55:27","modified_gmt":"2025-01-14T17:55:27","slug":"proposta-da-reforma-da-renda-deve-ser-encaminhada-apos-eleicoes-do-congresso","status":"publish","type":"post","link":"https:\/\/agromt.news\/?p=7965","title":{"rendered":"proposta da reforma da renda deve ser encaminhada ap\u00f3s elei\u00e7\u00f5es do Congresso"},"content":{"rendered":"<p> <br \/>\n<br \/><img decoding=\"async\" src=\"https:\/\/agromt.news\/wp-content\/uploads\/2025\/01\/proposta-da-reforma-da-renda-deve-ser-encaminhada-apos-eleicoes.jpg\" \/><\/p>\n<div>\n<p>O ministro da Fazenda, Fernando Haddad, disse que a <strong><a href=\"http:\/\/www.canalrural.com.br\/tag\/receita-federal\/\">Receita Federal<\/a><\/strong> ainda est\u00e1 fazendo estudos para a proposta da reforma da renda, que deve ser encaminhada ao Congresso ap\u00f3s a elei\u00e7\u00e3o das novas mesas diretoras da C\u00e2mara e Senado. <\/p>\n<p>No fim do ano passado, o ministro havia dito que a proposta n\u00e3o havia sido encaminhada porque foi necess\u00e1rio fazer uma recalibragem em rela\u00e7\u00e3o ao que estava previsto sobre o Imposto de Renda da Pessoa Jur\u00eddica (IRPJ).<\/p>\n<p>Segundo Haddad, o Fisco pediu um pouco mais de prazo para concluir esse estudo, mas o importante para o governo \u00e9 que o projeto da reforma da renda seja aprovado neste ano.<\/p>\n<\/div>\n<div>\n<p>\u201cComo tem elei\u00e7\u00e3o das duas mesas, eu considero de bom tom esperar as mesas se organizarem para que essa proposta que est\u00e1 inscrita na Constitui\u00e7\u00e3o [seja encaminhada]. H\u00e1 v\u00e1rias distor\u00e7\u00f5es no nosso sistema de imposto de renda e essas distor\u00e7\u00f5es n\u00f3s pretendemos corrigir. Tanto do ponto de vista distributivo, quanto do ponto de vista de neutralidade fiscal\u201d, disse o ministro, em conversa com jornalistas ao deixar a sede da pasta nesta manh\u00e3.<\/p>\n<p>Questionado se o governo enviaria um pacote com medidas, Haddad disse que as medidas ser\u00e3o encaminhadas conforme sejam finalizadas. \u201cN\u00e3o \u00e9 uma lei s\u00f3 que vai resolver a quest\u00e3o da renda, tem v\u00e1rias. N\u00e3o \u00e9 um pacote, mas as medidas v\u00e3o ser encaminhadas \u00e0 medida que forem ficando prontas\u201d, disse.<\/p>\n<p>O ministro tamb\u00e9m foi questionado se as medidas incluiriam a tributa\u00e7\u00e3o de lucros e dividendos, mas foi evasivo. \u201cDeixa a gente encaminhar e a\u00ed a gente discute corretamente como vai ser\u201d, comentou.<\/p>\n<\/p><\/div>\n<p><br \/>\n<br \/><a href=\"https:\/\/www.canalrural.com.br\/politica\/haddad-proposta-da-reforma-da-renda-deve-ser-encaminhada-apos-eleicoes-do-congresso\/\">Source link <\/a><\/p>\n","protected":false},"excerpt":{"rendered":"<p>O ministro da Fazenda, Fernando Haddad, disse que a Receita Federal ainda est\u00e1 fazendo estudos para a proposta da reforma<\/p>\n","protected":false},"author":1,"featured_media":7966,"comment_status":"open","ping_status":"open","sticky":false,"template":"","format":"standard","meta":{"_monsterinsights_skip_tracking":false,"_monsterinsights_sitenote_active":false,"_monsterinsights_sitenote_note":"","_monsterinsights_sitenote_category":0,"_uf_show_specific_survey":0,"_uf_disable_surveys":false,"footnotes":""},"categories":[1],"tags":[],"class_list":["post-7965","post","type-post","status-publish","format-standard","has-post-thumbnail","hentry","category-news"],"_links":{"self":[{"href":"https:\/\/agromt.news\/index.php?rest_route=\/wp\/v2\/posts\/7965"}],"collection":[{"href":"https:\/\/agromt.news\/index.php?rest_route=\/wp\/v2\/posts"}],"about":[{"href":"https:\/\/agromt.news\/index.php?rest_route=\/wp\/v2\/types\/post"}],"author":[{"embeddable":true,"href":"https:\/\/agromt.news\/index.php?rest_route=\/wp\/v2\/users\/1"}],"replies":[{"embeddable":true,"href":"https:\/\/agromt.news\/index.php?rest_route=%2Fwp%2Fv2%2Fcomments&post=7965"}],"version-history":[{"count":0,"href":"https:\/\/agromt.news\/index.php?rest_route=\/wp\/v2\/posts\/7965\/revisions"}],"wp:featuredmedia":[{"embeddable":true,"href":"https:\/\/agromt.news\/index.php?rest_route=\/wp\/v2\/media\/7966"}],"wp:attachment":[{"href":"https:\/\/agromt.news\/index.php?rest_route=%2Fwp%2Fv2%2Fmedia&parent=7965"}],"wp:term":[{"taxonomy":"category","embeddable":true,"href":"https:\/\/agromt.news\/index.php?rest_route=%2Fwp%2Fv2%2Fcategories&post=7965"},{"taxonomy":"post_tag","embeddable":true,"href":"https:\/\/agromt.news\/index.php?rest_route=%2Fwp%2Fv2%2Ftags&post=7965"}],"curies":[{"name":"wp","href":"https:\/\/api.w.org\/{rel}","templated":true}]}}