{"id":7958,"date":"2025-01-14T12:38:13","date_gmt":"2025-01-14T16:38:13","guid":{"rendered":"https:\/\/agromt.news\/?p=7958"},"modified":"2025-01-14T12:38:13","modified_gmt":"2025-01-14T16:38:13","slug":"morre-benedito-de-lira-ex-senador-e-pai-de-arthur-lira-aos-82-anos","status":"publish","type":"post","link":"https:\/\/agromt.news\/?p=7958","title":{"rendered":"Morre Benedito de Lira, ex-senador e pai de Arthur Lira, aos 82 anos"},"content":{"rendered":"<p> <br \/>\n<br \/><img decoding=\"async\" src=\"https:\/\/agromt.news\/wp-content\/uploads\/2025\/01\/Morre-Benedito-de-Lira-ex-senador-e-pai-de-Arthur-Lira.jpg\" \/><\/p>\n<div>\n<p>Faleceu na manh\u00e3 desta ter\u00e7a-feira (14), aos 82 anos, Benedito de Lira, pai do presidente da <strong><a href=\"https:\/\/www.canalrural.com.br\/tag\/c%C3%A2maradosdeputados\/\">C\u00e2mara dos Deputados<\/a><\/strong>, Arthur Lira (PP-AL). Benedito era prefeito de Barra de S\u00e3o Miguel, em Alagoas, e teve uma trajet\u00f3ria marcante na pol\u00edtica, incluindo um mandato como senador pelo estado entre 2011 e 2019, tr\u00eas mandatos como deputado federal, al\u00e9m de ter sido deputado estadual e vereador em Macei\u00f3.<\/p>\n<blockquote class=\"wp-block-quote is-layout-flow wp-block-quote-is-layout-flow\">\n<p>Arthur Lira homenageou o pai nas redes sociais, chamando-o de \u201cmeu her\u00f3i\u201d. \u201cMeu pai, meu her\u00f3i, minha refer\u00eancia, nos deixou hoje, aos 82 anos. Um sentimento de vazio, dor e tristeza profunda toma meu cora\u00e7\u00e3o e de nossa fam\u00edlia. Mas ele, o nosso Biu de Lira, nos ensinou a enfrentar as frustra\u00e7\u00f5es, a levantar a cabe\u00e7a e seguir em frente\u201d, escreveu o presidente da C\u00e2mara.<\/p>\n<\/blockquote>\n<p>Benedito de Lira enfrentava problemas de sa\u00fade h\u00e1 alguns anos, devido \u00e0 idade avan\u00e7ada, mas manteve-se ativo em sua atua\u00e7\u00e3o pol\u00edtica at\u00e9 as \u00faltimas for\u00e7as. \u201cLutou at\u00e9 o fim, manteve-se firme no trabalho at\u00e9 as \u00faltimas for\u00e7as. J\u00e1 estamos com muitas saudades, meu velho\u201d, complementou Arthur Lira em sua publica\u00e7\u00e3o no Instagram.<\/p>\n<p>Em nota, a C\u00e2mara dos Deputados ressaltou o legado de Benedito de Lira, destacando que ele foi autor da lei que permite o uso de medicamentos gen\u00e9ricos na <strong><a href=\"https:\/\/www.canalrural.com.br\/tag\/medicianaveterin%C3%A1ria\/\">medicina veterin\u00e1ria<\/a><\/strong>, com prefer\u00eancia nas compras governamentais. Ele tamb\u00e9m foi relator da legisla\u00e7\u00e3o que pro\u00edbe a cria\u00e7\u00e3o de impostos sobre CDs, DVDs e arquivos digitais produzidos no Brasil contendo obras musicais de autores brasileiros.<\/p>\n<\/div>\n<div>\n<p>Em nota, a Frente Parlamentar da Agropecu\u00e1ria (FPA) lamentou o falecimento relembrando que o trabalho de Benedito na constru\u00e7\u00e3o de um pa\u00eds mais forte dentro do segmento agropecu\u00e1rio.<\/p>\n<blockquote class=\"wp-block-quote is-layout-flow wp-block-quote-is-layout-flow\">\n<p>\u201cNesse momento de dor, nos amparamos na f\u00e9 e na ora\u00e7\u00e3o para levar \u00e0 toda fam\u00edlia a for\u00e7a necess\u00e1ria que mant\u00e9m a uni\u00e3o em momentos dif\u00edceis\u201d, encerra a nota da FPA. <\/p>\n<\/blockquote><\/div>\n<p><br \/>\n<br \/><a href=\"https:\/\/www.canalrural.com.br\/politica\/morre-benedito-de-lira-ex-senador-e-pai-de-arthur-lira-aos-82-anos\/\">Source link <\/a><\/p>\n","protected":false},"excerpt":{"rendered":"<p>Faleceu na manh\u00e3 desta ter\u00e7a-feira (14), aos 82 anos, Benedito de Lira, pai do presidente da C\u00e2mara dos Deputados, Arthur<\/p>\n","protected":false},"author":1,"featured_media":7959,"comment_status":"open","ping_status":"open","sticky":false,"template":"","format":"standard","meta":{"_monsterinsights_skip_tracking":false,"_monsterinsights_sitenote_active":false,"_monsterinsights_sitenote_note":"","_monsterinsights_sitenote_category":0,"_uf_show_specific_survey":0,"_uf_disable_surveys":false,"footnotes":""},"categories":[1],"tags":[],"class_list":["post-7958","post","type-post","status-publish","format-standard","has-post-thumbnail","hentry","category-news"],"_links":{"self":[{"href":"https:\/\/agromt.news\/index.php?rest_route=\/wp\/v2\/posts\/7958"}],"collection":[{"href":"https:\/\/agromt.news\/index.php?rest_route=\/wp\/v2\/posts"}],"about":[{"href":"https:\/\/agromt.news\/index.php?rest_route=\/wp\/v2\/types\/post"}],"author":[{"embeddable":true,"href":"https:\/\/agromt.news\/index.php?rest_route=\/wp\/v2\/users\/1"}],"replies":[{"embeddable":true,"href":"https:\/\/agromt.news\/index.php?rest_route=%2Fwp%2Fv2%2Fcomments&post=7958"}],"version-history":[{"count":0,"href":"https:\/\/agromt.news\/index.php?rest_route=\/wp\/v2\/posts\/7958\/revisions"}],"wp:featuredmedia":[{"embeddable":true,"href":"https:\/\/agromt.news\/index.php?rest_route=\/wp\/v2\/media\/7959"}],"wp:attachment":[{"href":"https:\/\/agromt.news\/index.php?rest_route=%2Fwp%2Fv2%2Fmedia&parent=7958"}],"wp:term":[{"taxonomy":"category","embeddable":true,"href":"https:\/\/agromt.news\/index.php?rest_route=%2Fwp%2Fv2%2Fcategories&post=7958"},{"taxonomy":"post_tag","embeddable":true,"href":"https:\/\/agromt.news\/index.php?rest_route=%2Fwp%2Fv2%2Ftags&post=7958"}],"curies":[{"name":"wp","href":"https:\/\/api.w.org\/{rel}","templated":true}]}}