{"id":7946,"date":"2025-01-14T08:59:06","date_gmt":"2025-01-14T12:59:06","guid":{"rendered":"https:\/\/agromt.news\/?p=7946"},"modified":"2025-01-14T08:59:06","modified_gmt":"2025-01-14T12:59:06","slug":"governo-sanciona-programa-para-renegociacao-de-dividas-estaduais","status":"publish","type":"post","link":"https:\/\/agromt.news\/?p=7946","title":{"rendered":"Governo sanciona programa para renegocia\u00e7\u00e3o de d\u00edvidas estaduais"},"content":{"rendered":"<p> <br \/>\n<br \/><img decoding=\"async\" src=\"https:\/\/agromt.news\/wp-content\/uploads\/2025\/01\/Governo-sanciona-programa-para-renegociacao-de-dividas-estaduais.jpg\" \/><\/p>\n<div>\n<p>O presidente Luiz In\u00e1cio Lula da Silva (PT) sancionou parcialmente o <strong><a href=\"https:\/\/www.canalrural.com.br\/tag\/projetodeleicomplementar\/\">Projeto de Lei Complementar<\/a><\/strong> que institui o Programa de Pleno Pagamento de D\u00edvidas dos Estados (Propag). Publicada hoje (14) no <strong><a href=\"https:\/\/www.canalrural.com.br\/tag\/dou\/\">Di\u00e1rio Oficial da Uni\u00e3o (DOU)<\/a><\/strong>, a medida visa revisar os termos das d\u00edvidas estaduais e do Distrito Federal com a Uni\u00e3o, oferecendo condi\u00e7\u00f5es mais favor\u00e1veis para renegocia\u00e7\u00e3o.<\/p>\n<p>O programa prev\u00ea descontos nos juros, parcelamento das d\u00edvidas em at\u00e9 30 anos e a cria\u00e7\u00e3o de um fundo de equaliza\u00e7\u00e3o federativa, destinado a compensar estados com boa situa\u00e7\u00e3o fiscal. A iniciativa busca fomentar o aumento da produtividade, a melhoria da infraestrutura, a seguran\u00e7a p\u00fablica e a educa\u00e7\u00e3o, com foco na forma\u00e7\u00e3o profissional, al\u00e9m de promover o enfrentamento das mudan\u00e7as clim\u00e1ticas.<\/p>\n<h2 class=\"wp-block-heading\" id=\"h-condicoes-do-propag\">Condi\u00e7\u00f5es do Propag<\/h2>\n<p>Os estados poder\u00e3o quitar parte das d\u00edvidas transferindo bens m\u00f3veis ou im\u00f3veis, participa\u00e7\u00f5es societ\u00e1rias, cr\u00e9ditos com o setor privado e outros ativos para a Uni\u00e3o. O saldo remanescente ser\u00e1 pago em parcelas corrigidas mensalmente, com possibilidade de amortiza\u00e7\u00f5es extraordin\u00e1rias e descontos nos primeiros cinco anos.<\/p>\n<p>Como contrapartida, os estados n\u00e3o poder\u00e3o contrair novas opera\u00e7\u00f5es de cr\u00e9dito para o pagamento das parcelas refinanciadas durante a vig\u00eancia do contrato, sob risco de exclus\u00e3o do programa. O prazo para ades\u00e3o ao Propag termina em 31 de dezembro de 2025.<\/p>\n<\/div>\n<div>\n<h2 class=\"wp-block-heading\" id=\"h-vetos\">Vetos<\/h2>\n<p>Lula vetou dispositivos que, segundo o governo, poderiam comprometer o equil\u00edbrio fiscal e reduzir incentivos \u00e0 gest\u00e3o fiscal respons\u00e1vel. Os vetos evitam impactos negativos no resultado prim\u00e1rio e nos cofres da Uni\u00e3o.<\/p>\n<h2 class=\"wp-block-heading\" id=\"h-desenvolvimento-sustentavel\">Desenvolvimento sustent\u00e1vel<\/h2>\n<p>Segundo o governo, o Propag foi desenhado para viabilizar uma solu\u00e7\u00e3o sustent\u00e1vel para as d\u00edvidas estaduais, reduzindo encargos, alongando prazos e incentivando o uso de ativos para abatimento dos d\u00e9bitos. A proposta tamb\u00e9m busca fortalecer investimentos em \u00e1reas priorit\u00e1rias, impulsionando o desenvolvimento econ\u00f4mico e social do Brasil.<\/p>\n<\/p><\/div>\n<p><br \/>\n<br \/><a href=\"https:\/\/www.canalrural.com.br\/politica\/governo-sanciona-programa-para-renegociacao-de-dividas-estaduais\/\">Source link <\/a><\/p>\n","protected":false},"excerpt":{"rendered":"<p>O presidente Luiz In\u00e1cio Lula da Silva (PT) sancionou parcialmente o Projeto de Lei Complementar que institui o Programa de<\/p>\n","protected":false},"author":1,"featured_media":7947,"comment_status":"open","ping_status":"open","sticky":false,"template":"","format":"standard","meta":{"_monsterinsights_skip_tracking":false,"_monsterinsights_sitenote_active":false,"_monsterinsights_sitenote_note":"","_monsterinsights_sitenote_category":0,"_uf_show_specific_survey":0,"_uf_disable_surveys":false,"footnotes":""},"categories":[1],"tags":[],"class_list":["post-7946","post","type-post","status-publish","format-standard","has-post-thumbnail","hentry","category-news"],"_links":{"self":[{"href":"https:\/\/agromt.news\/index.php?rest_route=\/wp\/v2\/posts\/7946"}],"collection":[{"href":"https:\/\/agromt.news\/index.php?rest_route=\/wp\/v2\/posts"}],"about":[{"href":"https:\/\/agromt.news\/index.php?rest_route=\/wp\/v2\/types\/post"}],"author":[{"embeddable":true,"href":"https:\/\/agromt.news\/index.php?rest_route=\/wp\/v2\/users\/1"}],"replies":[{"embeddable":true,"href":"https:\/\/agromt.news\/index.php?rest_route=%2Fwp%2Fv2%2Fcomments&post=7946"}],"version-history":[{"count":0,"href":"https:\/\/agromt.news\/index.php?rest_route=\/wp\/v2\/posts\/7946\/revisions"}],"wp:featuredmedia":[{"embeddable":true,"href":"https:\/\/agromt.news\/index.php?rest_route=\/wp\/v2\/media\/7947"}],"wp:attachment":[{"href":"https:\/\/agromt.news\/index.php?rest_route=%2Fwp%2Fv2%2Fmedia&parent=7946"}],"wp:term":[{"taxonomy":"category","embeddable":true,"href":"https:\/\/agromt.news\/index.php?rest_route=%2Fwp%2Fv2%2Fcategories&post=7946"},{"taxonomy":"post_tag","embeddable":true,"href":"https:\/\/agromt.news\/index.php?rest_route=%2Fwp%2Fv2%2Ftags&post=7946"}],"curies":[{"name":"wp","href":"https:\/\/api.w.org\/{rel}","templated":true}]}}