{"id":7939,"date":"2025-01-14T07:11:21","date_gmt":"2025-01-14T11:11:21","guid":{"rendered":"https:\/\/agromt.news\/?p=7939"},"modified":"2025-01-14T07:11:21","modified_gmt":"2025-01-14T11:11:21","slug":"sao-paulo-confirma-primeiro-caso-da-doenca-em-2025","status":"publish","type":"post","link":"https:\/\/agromt.news\/?p=7939","title":{"rendered":"S\u00e3o Paulo confirma primeiro caso da doen\u00e7a em 2025"},"content":{"rendered":"<p> <br \/>\n<br \/><img decoding=\"async\" src=\"https:\/\/agromt.news\/wp-content\/uploads\/2025\/01\/Sao-Paulo-confirma-primeiro-caso-da-doenca-em-2025.jpeg\" \/><\/p>\n<div>\n<p>A Secretaria Estadual de Sa\u00fade de S\u00e3o Paulo confirmou o primeiro caso de <strong><a href=\"https:\/\/www.canalrural.com.br\/tag\/febreamarela\/\">febre amarela<\/a><\/strong> em humanos neste ano. O paciente \u00e9 um homem de 27 anos, morador da capital paulista, que esteve em Socorro, na regi\u00e3o de Campinas, onde j\u00e1 havia sido notificado um caso da doen\u00e7a em macacos.<\/p>\n<p>Em 2024, o estado registrou dois casos em humanos, sendo um aut\u00f3ctone \u2013 com origem dentro do estado \u2013 e outro de um homem contaminado em <strong><a href=\"https:\/\/www.canalrural.com.br\/tag\/mg\/\">Minas Gerais<\/a><\/strong>, que acabou falecendo.<\/p>\n<p>O Instituto Adolfo Lutz confirmou recentemente nove casos da doen\u00e7a em macacos: sete na regi\u00e3o de Ribeir\u00e3o Preto, um em Pinhalzinho e outro em Socorro.<\/p>\n<h2 class=\"wp-block-heading\" id=\"h-acoes-de-vigilancia-e-vacinacao\">A\u00e7\u00f5es de Vigil\u00e2ncia e Vacina\u00e7\u00e3o<\/h2>\n<p>Diante do cen\u00e1rio, o estado intensificou as a\u00e7\u00f5es de vigil\u00e2ncia em sa\u00fade e vacina\u00e7\u00e3o nas regi\u00f5es afetadas. A vacina contra a febre amarela est\u00e1 dispon\u00edvel nos postos de sa\u00fade e deve ser aplicada pelo menos 10 dias antes de deslocamentos para \u00e1reas de mata ou regi\u00f5es com registros da doen\u00e7a.<\/p>\n<\/div>\n<div>\n<h2 class=\"wp-block-heading\" id=\"h-o-que-e-a-febre-amarela\">O que \u00e9 a Febre Amarela?<\/h2>\n<p>A febre amarela \u00e9 uma doen\u00e7a transmitida pela picada de mosquitos silvestres infectados. A morte de macacos em \u00e1reas espec\u00edficas pode ser um sinal da presen\u00e7a do v\u00edrus, j\u00e1 que esses animais tamb\u00e9m s\u00e3o altamente vulner\u00e1veis \u00e0 doen\u00e7a.<\/p>\n<p>As equipes de sa\u00fade recomendam que qualquer avistamento de macacos mortos ou doentes seja imediatamente comunicado \u00e0s autoridades locais.<\/p>\n<h2 class=\"wp-block-heading\" id=\"h-sintomas-da-febre-amarela\">Sintomas da Febre Amarela<\/h2>\n<p>Os sintomas iniciais incluem febre s\u00fabita, calafrios, dores intensas no corpo e cabe\u00e7a, n\u00e1useas, v\u00f4mitos, fadiga e fraqueza recorrentes. Em casos mais graves, a doen\u00e7a pode evoluir rapidamente, exigindo atendimento m\u00e9dico imediato.<\/p>\n<p>Vacina\u00e7\u00e3o, informa\u00e7\u00e3o e medidas de preven\u00e7\u00e3o s\u00e3o as melhores formas de conter o avan\u00e7o da febre amarela.<\/p>\n<\/p><\/div>\n<p><br \/>\n<br \/><a href=\"https:\/\/www.canalrural.com.br\/nacional\/febre-amarela-sao-paulo-confirma-primeiro-caso-da-doenca-em-2025\/\">Source link <\/a><\/p>\n","protected":false},"excerpt":{"rendered":"<p>A Secretaria Estadual de Sa\u00fade de S\u00e3o Paulo confirmou o primeiro caso de febre amarela em humanos neste ano. O<\/p>\n","protected":false},"author":1,"featured_media":7940,"comment_status":"open","ping_status":"open","sticky":false,"template":"","format":"standard","meta":{"_monsterinsights_skip_tracking":false,"_monsterinsights_sitenote_active":false,"_monsterinsights_sitenote_note":"","_monsterinsights_sitenote_category":0,"_uf_show_specific_survey":0,"_uf_disable_surveys":false,"footnotes":""},"categories":[1],"tags":[],"class_list":["post-7939","post","type-post","status-publish","format-standard","has-post-thumbnail","hentry","category-news"],"_links":{"self":[{"href":"https:\/\/agromt.news\/index.php?rest_route=\/wp\/v2\/posts\/7939"}],"collection":[{"href":"https:\/\/agromt.news\/index.php?rest_route=\/wp\/v2\/posts"}],"about":[{"href":"https:\/\/agromt.news\/index.php?rest_route=\/wp\/v2\/types\/post"}],"author":[{"embeddable":true,"href":"https:\/\/agromt.news\/index.php?rest_route=\/wp\/v2\/users\/1"}],"replies":[{"embeddable":true,"href":"https:\/\/agromt.news\/index.php?rest_route=%2Fwp%2Fv2%2Fcomments&post=7939"}],"version-history":[{"count":0,"href":"https:\/\/agromt.news\/index.php?rest_route=\/wp\/v2\/posts\/7939\/revisions"}],"wp:featuredmedia":[{"embeddable":true,"href":"https:\/\/agromt.news\/index.php?rest_route=\/wp\/v2\/media\/7940"}],"wp:attachment":[{"href":"https:\/\/agromt.news\/index.php?rest_route=%2Fwp%2Fv2%2Fmedia&parent=7939"}],"wp:term":[{"taxonomy":"category","embeddable":true,"href":"https:\/\/agromt.news\/index.php?rest_route=%2Fwp%2Fv2%2Fcategories&post=7939"},{"taxonomy":"post_tag","embeddable":true,"href":"https:\/\/agromt.news\/index.php?rest_route=%2Fwp%2Fv2%2Ftags&post=7939"}],"curies":[{"name":"wp","href":"https:\/\/api.w.org\/{rel}","templated":true}]}}