{"id":7933,"date":"2025-01-14T04:02:55","date_gmt":"2025-01-14T08:02:55","guid":{"rendered":"https:\/\/agromt.news\/?p=7933"},"modified":"2025-01-14T04:02:55","modified_gmt":"2025-01-14T08:02:55","slug":"exportacoes-de-pato-e-peru-somam-us-165-milhoes","status":"publish","type":"post","link":"https:\/\/agromt.news\/?p=7933","title":{"rendered":"Exporta\u00e7\u00f5es de pato e peru somam US$ 165 milh\u00f5es"},"content":{"rendered":"<p> <br \/>\n<\/p>\n<div>\n<p>As exporta\u00e7\u00f5es brasileiras de carnes de peru e pato, segmentos considerados de alto valor agregado, apresentaram resultados distintos em 2024, segundo dados da Associa\u00e7\u00e3o Brasileira de Prote\u00edna Animal (ABPA). Enquanto as vendas externas de carne de peru registraram queda tanto em volume quanto em receita, o mercado de carne de pato obteve crescimento no volume embarcado, mas enfrentou redu\u00e7\u00e3o na receita gerada. \u00a0&#13;\n<\/p>\n<p>No caso da carne de peru, os embarques totalizaram 64,1 mil toneladas, uma retra\u00e7\u00e3o de 8,1% em rela\u00e7\u00e3o \u00e0s 69,8 mil toneladas exportadas em 2023. A receita, por sua vez, apresentou uma queda mais acentuada, de 23,4%, fechando o ano em US$ 153,9 milh\u00f5es, contra os US$ 201 milh\u00f5es registrados no ano anterior. Entre os principais destinos, o M\u00e9xico liderou com 9,8 mil toneladas (-39%), seguido pela \u00c1frica do Sul (9,5 mil toneladas, -27%) e pelos Pa\u00edses Baixos (8,6 mil toneladas, -20%). Por outro lado, o Chile se destacou positivamente, com um aumento de 56%, alcan\u00e7ando 7 mil toneladas importadas.\u00a0&#13;\n<\/p>\n<p>J\u00e1 as exporta\u00e7\u00f5es de carne de pato atingiram 3,551 mil toneladas, representando um leve aumento de 1,3% em compara\u00e7\u00e3o \u00e0s 3,507 mil toneladas embarcadas em 2023. Apesar disso, a receita gerada caiu 12,7%, totalizando US$ 11,9 milh\u00f5es. Os Emirados \u00c1rabes Unidos foram os maiores compradores, com 1.524 toneladas adquiridas, um crescimento expressivo de 66%. Outros destinos relevantes inclu\u00edram Ar\u00e1bia Saudita, Catar, Chile e Kuwait, que apresentaram varia\u00e7\u00f5es mistas nos volumes importados. \u00a0&#13;\n<\/p>\n<p>\u201cOs dois setores av\u00edcolas somaram para o pa\u00eds US$ 165 milh\u00f5es em receitas cambiais, e h\u00e1 boas expectativas com rela\u00e7\u00e3o ao fluxo de embarques em 2025, especialmente para a Europa e Oriente M\u00e9dio\u201d, analisa o presidente da ABPA, Ricardo Santin.<br \/>&#13;<br \/>\n\u00a0<\/p>\n<\/p><\/div>\n<p><script data-cfasync=\"false\">\n    !function (f, b, e, v, n, t, s) {\n        if (f.fbq) return; n = f.fbq = function () {\n            n.callMethod ?\n                n.callMethod.apply(n, arguments) : n.queue.push(arguments)\n        };\n        if (!f._fbq) f._fbq = n; n.push = n; n.loaded = !0; n.version = '2.0';\n        n.queue = []; t = b.createElement(e); t.async = !0;\n        t.src = v; s = b.getElementsByTagName(e)[0];\n        s.parentNode.insertBefore(t, s)\n    }(window, document, 'script',\n        'https:\/\/connect.facebook.net\/en_US\/fbevents.js');\n    fbq('init', '522546078623747');\n    fbq('track', 'PageView');\n<\/script><br \/>\n<br \/><br \/>\n<br \/><a href=\"https:\/\/www.agrolink.com.br\/noticias\/exportacoes-de-pato-e-peru-somam-us--165-milhoes_498374.html\">Source link <\/a><\/p>\n","protected":false},"excerpt":{"rendered":"<p>As exporta\u00e7\u00f5es brasileiras de carnes de peru e pato, segmentos considerados de alto valor agregado, apresentaram resultados distintos em 2024,<\/p>\n","protected":false},"author":1,"featured_media":7934,"comment_status":"open","ping_status":"open","sticky":false,"template":"","format":"standard","meta":{"_monsterinsights_skip_tracking":false,"_monsterinsights_sitenote_active":false,"_monsterinsights_sitenote_note":"","_monsterinsights_sitenote_category":0,"_uf_show_specific_survey":0,"_uf_disable_surveys":false,"footnotes":""},"categories":[8,1,14],"tags":[],"class_list":["post-7933","post","type-post","status-publish","format-standard","has-post-thumbnail","hentry","category-agro","category-news","category-politica-agro"],"_links":{"self":[{"href":"https:\/\/agromt.news\/index.php?rest_route=\/wp\/v2\/posts\/7933"}],"collection":[{"href":"https:\/\/agromt.news\/index.php?rest_route=\/wp\/v2\/posts"}],"about":[{"href":"https:\/\/agromt.news\/index.php?rest_route=\/wp\/v2\/types\/post"}],"author":[{"embeddable":true,"href":"https:\/\/agromt.news\/index.php?rest_route=\/wp\/v2\/users\/1"}],"replies":[{"embeddable":true,"href":"https:\/\/agromt.news\/index.php?rest_route=%2Fwp%2Fv2%2Fcomments&post=7933"}],"version-history":[{"count":0,"href":"https:\/\/agromt.news\/index.php?rest_route=\/wp\/v2\/posts\/7933\/revisions"}],"wp:featuredmedia":[{"embeddable":true,"href":"https:\/\/agromt.news\/index.php?rest_route=\/wp\/v2\/media\/7934"}],"wp:attachment":[{"href":"https:\/\/agromt.news\/index.php?rest_route=%2Fwp%2Fv2%2Fmedia&parent=7933"}],"wp:term":[{"taxonomy":"category","embeddable":true,"href":"https:\/\/agromt.news\/index.php?rest_route=%2Fwp%2Fv2%2Fcategories&post=7933"},{"taxonomy":"post_tag","embeddable":true,"href":"https:\/\/agromt.news\/index.php?rest_route=%2Fwp%2Fv2%2Ftags&post=7933"}],"curies":[{"name":"wp","href":"https:\/\/api.w.org\/{rel}","templated":true}]}}