{"id":7932,"date":"2025-01-14T01:43:12","date_gmt":"2025-01-14T05:43:12","guid":{"rendered":"https:\/\/agromt.news\/?p=7932"},"modified":"2025-01-14T01:43:12","modified_gmt":"2025-01-14T05:43:12","slug":"boi-gordo-semana-comeca-com-estabilidade","status":"publish","type":"post","link":"https:\/\/agromt.news\/?p=7932","title":{"rendered":"Boi gordo: semana come\u00e7a com estabilidade"},"content":{"rendered":"<p> <br \/>\n<\/p>\n<div>\n<div class=\"row\">\n<div class=\"col-lg col-infos mt-3 mt-lg-0\">\n<div class=\"section-sub-title\">\n<p itemprop=\"description\">&#13;<br \/>\n                                Na \u00faltima semana, as vendas no atacado foram consideradas positivas&#13;\n                            <\/p>\n<\/p><\/div>\n<div class=\"container\">\n<div class=\"row\">\n<div class=\"col-lg p-0\">\n<div>\n<div class=\"block-news-main-infos mt-3 text-start\">\n<p>                                            <strong class=\"fn\" itemprop=\"author\" style=\"color: rgb(112, 112, 112); \">&#13;<br \/>\n                                                <a href=\"https:\/\/www.agrolink.com.br\/noticias\/javascript:;\" class=\"text-uppercase\" target=\"_blank\" style=\"color: rgb(112, 112, 112); \" rel=\"noopener\">Agrolink<\/a>&#13;<br \/>\n&#13;<br \/>\n                                                    &#8211; Seane Lennon&#13;<br \/>\n&#13;<br \/>\n                                            <\/strong><br \/>\n                                        <\/p>\n<p>                                            <abbr><time datetime=\"2025-01-13T17:50\" itemprop=\"datePublished dateModified\">Publicado em 13\/01\/2025 \u00e0s 17:50h.<\/time><\/abbr><br \/>\n                                            <\/p><\/div>\n<\/p><\/div>\n<\/p><\/div>\n<div class=\"col-lg p-0 text-lg-end\">\n<div>\n<div id=\"mdEnviarPagina\" class=\"modal fade\" role=\"dialog\">\n<div class=\"modal-dialog\">\n<div class=\"modal-content\">\n<div class=\"modal-body\">\n<p><strong>Estimado usu\u00e1rio.<\/strong><br \/>Preencha o formul\u00e1rio abaixo para remeter a p\u00e1gina.<\/p>\n<\/p><\/div>\n<\/p><\/div>\n<\/p><\/div>\n<\/div><\/div>\n<\/p><\/div>\n<\/p><\/div>\n<\/p><\/div>\n<\/p><\/div>\n<\/p><\/div>\n<div class=\"row justify-content-md-center mt-3\">\n<div class=\"col-lg-auto col-image  block-news-main-image d-none d-md-block\">\n<p>                                <img decoding=\"async\" src=\"https:\/\/www.agrolink.com.br\/upload\/imagens-resizes\/cb7423770e7f4afa8fd1beb3cdc338ec_858x483.jpg\" class=\"lazyload \"\/><br \/>\n                                                <span class=\"publicity-photo d-block mt-1\">Foto: Kadijah Suleiman<\/span><\/p><\/div>\n<\/p><\/div>\n<div class=\"section-description section-description-noticias mt-3\">\n<p style=\"text-align:justify\">O informativo &#8220;Tem Boi na Linha&#8221;, da Scot Consultoria, apontou que a segunda-feira iniciou sem altera\u00e7\u00f5es nos pre\u00e7os em rela\u00e7\u00e3o \u00e0 \u00faltima sexta-feira, com muitas ind\u00fastrias ainda fechando negocia\u00e7\u00f5es para compra. As escalas de abate permanecem, em m\u00e9dia, programadas para uma semana.&#13;\n<\/p>\n<p style=\"text-align:justify\">No estado do Par\u00e1, as principais regi\u00f5es produtoras, como Marab\u00e1, Reden\u00e7\u00e3o e Paragominas, registraram estabilidade nas cota\u00e7\u00f5es no in\u00edcio da semana.<\/p>\n<p style=\"text-align:justify\">Na \u00faltima semana, as vendas no atacado foram consideradas positivas, refletindo em um aumento de pre\u00e7os na reposi\u00e7\u00e3o de estoques. Entre os destaques, a carca\u00e7a de boi cap\u00e3o registrou alta de 2%, enquanto a carca\u00e7a de boi inteiro teve eleva\u00e7\u00e3o expressiva de 6,6%.&#13;\n<\/p>\n<p style=\"text-align:justify\">No caso das f\u00eameas, os aumentos foram ainda mais significativos: a vaca casada apresentou alta de 7,1%, enquanto a novilha casada subiu 4,3%. Por outro lado, o traseiro do boi cap\u00e3o 1&#215;1 foi a \u00fanica exce\u00e7\u00e3o \u00e0 tend\u00eancia de alta, com queda de 0,9%.<\/p>\n<p style=\"text-align:justify\">No mercado de carnes alternativas, o movimento foi oposto ao das carca\u00e7as bovinas. A carca\u00e7a de su\u00edno especial registrou redu\u00e7\u00e3o de 0,8%, o equivalente a R$ 0,10 por quilo. J\u00e1 o pre\u00e7o do frango m\u00e9dio sofreu queda de 1,5%, o que representa uma redu\u00e7\u00e3o de R$ 0,12 por quilo.&#13;\n<\/p>\n<\/p><\/div>\n<\/p><\/div>\n<p><script data-cfasync=\"false\">\n    !function (f, b, e, v, n, t, s) {\n        if (f.fbq) return; n = f.fbq = function () {\n            n.callMethod ?\n                n.callMethod.apply(n, arguments) : n.queue.push(arguments)\n        };\n        if (!f._fbq) f._fbq = n; n.push = n; n.loaded = !0; n.version = '2.0';\n        n.queue = []; t = b.createElement(e); t.async = !0;\n        t.src = v; s = b.getElementsByTagName(e)[0];\n        s.parentNode.insertBefore(t, s)\n    }(window, document, 'script',\n        'https:\/\/connect.facebook.net\/en_US\/fbevents.js');\n    fbq('init', '522546078623747');\n    fbq('track', 'PageView');\n<\/script><br \/>\n<br \/><br \/>\n<br \/><a href=\"https:\/\/www.agrolink.com.br\/noticias\/boi-gordo--semana-comeca-com-estabilidade_498375.html\">Source link <\/a><\/p>\n","protected":false},"excerpt":{"rendered":"<p>&#13; Na \u00faltima semana, as vendas no atacado foram consideradas positivas&#13; &#13; Agrolink&#13; &#13; &#8211; Seane Lennon&#13; &#13; Publicado em<\/p>\n","protected":false},"author":1,"featured_media":2299,"comment_status":"open","ping_status":"open","sticky":false,"template":"","format":"standard","meta":{"_monsterinsights_skip_tracking":false,"_monsterinsights_sitenote_active":false,"_monsterinsights_sitenote_note":"","_monsterinsights_sitenote_category":0,"_uf_show_specific_survey":0,"_uf_disable_surveys":false,"footnotes":""},"categories":[8,1,14],"tags":[],"class_list":["post-7932","post","type-post","status-publish","format-standard","has-post-thumbnail","hentry","category-agro","category-news","category-politica-agro"],"_links":{"self":[{"href":"https:\/\/agromt.news\/index.php?rest_route=\/wp\/v2\/posts\/7932"}],"collection":[{"href":"https:\/\/agromt.news\/index.php?rest_route=\/wp\/v2\/posts"}],"about":[{"href":"https:\/\/agromt.news\/index.php?rest_route=\/wp\/v2\/types\/post"}],"author":[{"embeddable":true,"href":"https:\/\/agromt.news\/index.php?rest_route=\/wp\/v2\/users\/1"}],"replies":[{"embeddable":true,"href":"https:\/\/agromt.news\/index.php?rest_route=%2Fwp%2Fv2%2Fcomments&post=7932"}],"version-history":[{"count":0,"href":"https:\/\/agromt.news\/index.php?rest_route=\/wp\/v2\/posts\/7932\/revisions"}],"wp:featuredmedia":[{"embeddable":true,"href":"https:\/\/agromt.news\/index.php?rest_route=\/wp\/v2\/media\/2299"}],"wp:attachment":[{"href":"https:\/\/agromt.news\/index.php?rest_route=%2Fwp%2Fv2%2Fmedia&parent=7932"}],"wp:term":[{"taxonomy":"category","embeddable":true,"href":"https:\/\/agromt.news\/index.php?rest_route=%2Fwp%2Fv2%2Fcategories&post=7932"},{"taxonomy":"post_tag","embeddable":true,"href":"https:\/\/agromt.news\/index.php?rest_route=%2Fwp%2Fv2%2Ftags&post=7932"}],"curies":[{"name":"wp","href":"https:\/\/api.w.org\/{rel}","templated":true}]}}